{"id":133,"date":"2016-01-10T13:39:10","date_gmt":"2016-01-10T13:39:10","guid":{"rendered":"http:\/\/internewskosova.org\/?p=133"},"modified":"2018-01-25T13:41:11","modified_gmt":"2018-01-25T13:41:11","slug":"tema","status":"publish","type":"post","link":"https:\/\/internewskosova.org\/sq_al\/tema\/","title":{"rendered":"Tema"},"content":{"rendered":"<p><img loading=\"lazy\" decoding=\"async\" class=\"wp-image-898 aligncenter\" src=\"http:\/\/internewskosova.org\/wp-content\/uploads\/2017\/06\/temaa-300x154.jpg\" alt=\"\" width=\"420\" height=\"216\" srcset=\"https:\/\/internewskosova.org\/wp-content\/uploads\/2017\/06\/temaa-300x154.jpg 300w, https:\/\/internewskosova.org\/wp-content\/uploads\/2017\/06\/temaa.jpg 400w\" sizes=\"auto, (max-width: 420px) 100vw, 420px\" \/><\/p>\n<div class=\"description\">\n<p style=\"text-align: left;\">Tema \u2013 \u00ebsht\u00eb programi m\u00eb i ri televiziv, i cili paraqet nj\u00eb koncept unik t\u00eb zhvilluar nga Interne\u00ebs Kosova n\u00eb bashk\u00ebpunim me BIRN Kosov\u00ebn dhe BIRN Serbin\u00eb. Bazuar n\u00eb supozimin q\u00eb deri m\u00eb tani \u00ebsht\u00eb b\u00ebr\u00eb pak q\u00eb q\u00eb t\u00eb organizohen debate t\u00eb tilla, ne kemi menduar q\u00eb duke prodhuar nj\u00eb seri t\u00eb debateve dhe reportazheve televizive t\u00eb cilat bashkojn\u00eb serb\u00ebt dhe shqiptar\u00ebt q\u00eb t\u00eb diskutojn\u00eb kualitetin e jetes at\u00ebher\u00eb do t\u00eb krijohet nj\u00eb platform\u00eb joformale p\u00ebr dialogun n\u00eb mes t\u00eb pal\u00ebve t\u00eb interesit n\u00eb Kosov\u00eb dhe Serbi<\/p>\n<\/div>","protected":false},"excerpt":{"rendered":"<p>Tema \u2013 \u00ebsht\u00eb programi m\u00eb i ri televiziv, i cili paraqet nj\u00eb koncept unik t\u00eb zhvilluar nga Interne\u00ebs Kosova n\u00eb bashk\u00ebpunim me BIRN Kosov\u00ebn dhe BIRN Serbin\u00eb. Bazuar n\u00eb supozimin q\u00eb deri m\u00eb tani \u00ebsht\u00eb b\u00ebr\u00eb pak q\u00eb q\u00eb t\u00eb organizohen debate t\u00eb tilla, ne kemi menduar q\u00eb duke prodhuar nj\u00eb seri t\u00eb debateve dhe [&hellip;]<\/p>","protected":false},"author":1,"featured_media":898,"comment_status":"open","ping_status":"open","sticky":false,"template":"","format":"standard","meta":{"_FSMCFIC_featured_image_caption":"","_FSMCFIC_featured_image_nocaption":"","_FSMCFIC_featured_image_hide":"","footnotes":""},"categories":[17],"tags":[],"class_list":["post-133","post","type-post","status-publish","format-standard","has-post-thumbnail","hentry","category-prodhimet-mediale"],"yoast_head":"<!-- This site is optimized with the Yoast SEO plugin v24.9 - https:\/\/yoast.com\/wordpress\/plugins\/seo\/ -->\n<title>Tema<\/title>\n<meta name=\"robots\" content=\"index, follow, max-snippet:-1, max-image-preview:large, max-video-preview:-1\" \/>\n<link rel=\"canonical\" href=\"https:\/\/internewskosova.org\/sq_al\/tema\/\" \/>\n<meta property=\"og:locale\" content=\"sq_AL\" \/>\n<meta property=\"og:type\" content=\"article\" \/>\n<meta property=\"og:title\" content=\"Tema\" \/>\n<meta property=\"og:description\" content=\"Tema \u2013 \u00ebsht\u00eb programi m\u00eb i ri televiziv, i cili paraqet nj\u00eb koncept unik t\u00eb zhvilluar nga Interne\u00ebs Kosova n\u00eb bashk\u00ebpunim me BIRN Kosov\u00ebn dhe BIRN Serbin\u00eb. Bazuar n\u00eb supozimin q\u00eb deri m\u00eb tani \u00ebsht\u00eb b\u00ebr\u00eb pak q\u00eb q\u00eb t\u00eb organizohen debate t\u00eb tilla, ne kemi menduar q\u00eb duke prodhuar nj\u00eb seri t\u00eb debateve dhe [&hellip;]\" \/>\n<meta property=\"og:url\" content=\"https:\/\/internewskosova.org\/sq_al\/tema\/\" \/>\n<meta property=\"og:site_name\" content=\"Internews Kosova\" \/>\n<meta property=\"article:published_time\" content=\"2016-01-10T13:39:10+00:00\" \/>\n<meta property=\"article:modified_time\" content=\"2018-01-25T13:41:11+00:00\" \/>\n<meta property=\"og:image\" content=\"https:\/\/internewskosova.org\/wp-content\/uploads\/2017\/06\/temaa.jpg\" \/>\n\t<meta property=\"og:image:width\" content=\"400\" \/>\n\t<meta property=\"og:image:height\" content=\"205\" \/>\n\t<meta property=\"og:image:type\" content=\"image\/jpeg\" \/>\n<meta name=\"author\" content=\"internewskosova\" \/>\n<meta name=\"twitter:card\" content=\"summary_large_image\" \/>\n<meta name=\"twitter:label1\" content=\"Written by\" \/>\n\t<meta name=\"twitter:data1\" content=\"internewskosova\" \/>\n<script type=\"application\/ld+json\" class=\"yoast-schema-graph\">{\"@context\":\"https:\/\/schema.org\",\"@graph\":[{\"@type\":\"WebPage\",\"@id\":\"https:\/\/internewskosova.org\/tema\/\",\"url\":\"https:\/\/internewskosova.org\/tema\/\",\"name\":\"Tema\",\"isPartOf\":{\"@id\":\"https:\/\/internewskosova.org\/#website\"},\"primaryImageOfPage\":{\"@id\":\"https:\/\/internewskosova.org\/tema\/#primaryimage\"},\"image\":{\"@id\":\"https:\/\/internewskosova.org\/tema\/#primaryimage\"},\"thumbnailUrl\":\"https:\/\/internewskosova.org\/wp-content\/uploads\/2017\/06\/temaa.jpg\",\"datePublished\":\"2016-01-10T13:39:10+00:00\",\"dateModified\":\"2018-01-25T13:41:11+00:00\",\"author\":{\"@id\":\"https:\/\/internewskosova.org\/#\/schema\/person\/df061921b05fb4846fa727287c760e13\"},\"breadcrumb\":{\"@id\":\"https:\/\/internewskosova.org\/tema\/#breadcrumb\"},\"inLanguage\":\"sq-AL\",\"potentialAction\":[{\"@type\":\"ReadAction\",\"target\":[\"https:\/\/internewskosova.org\/tema\/\"]}]},{\"@type\":\"ImageObject\",\"inLanguage\":\"sq-AL\",\"@id\":\"https:\/\/internewskosova.org\/tema\/#primaryimage\",\"url\":\"https:\/\/internewskosova.org\/wp-content\/uploads\/2017\/06\/temaa.jpg\",\"contentUrl\":\"https:\/\/internewskosova.org\/wp-content\/uploads\/2017\/06\/temaa.jpg\",\"width\":400,\"height\":205},{\"@type\":\"BreadcrumbList\",\"@id\":\"https:\/\/internewskosova.org\/tema\/#breadcrumb\",\"itemListElement\":[{\"@type\":\"ListItem\",\"position\":1,\"name\":\"Home\",\"item\":\"https:\/\/internewskosova.org\/\"},{\"@type\":\"ListItem\",\"position\":2,\"name\":\"Tema\"}]},{\"@type\":\"WebSite\",\"@id\":\"https:\/\/internewskosova.org\/#website\",\"url\":\"https:\/\/internewskosova.org\/\",\"name\":\"Internews Kosova\",\"description\":\"\",\"potentialAction\":[{\"@type\":\"SearchAction\",\"target\":{\"@type\":\"EntryPoint\",\"urlTemplate\":\"https:\/\/internewskosova.org\/?s={search_term_string}\"},\"query-input\":{\"@type\":\"PropertyValueSpecification\",\"valueRequired\":true,\"valueName\":\"search_term_string\"}}],\"inLanguage\":\"sq-AL\"},{\"@type\":\"Person\",\"@id\":\"https:\/\/internewskosova.org\/#\/schema\/person\/df061921b05fb4846fa727287c760e13\",\"name\":\"internewskosova\",\"image\":{\"@type\":\"ImageObject\",\"inLanguage\":\"sq-AL\",\"@id\":\"https:\/\/internewskosova.org\/#\/schema\/person\/image\/\",\"url\":\"https:\/\/secure.gravatar.com\/avatar\/42b3f84333815029cec0ac9d3a126330?s=96&d=mm&r=g\",\"contentUrl\":\"https:\/\/secure.gravatar.com\/avatar\/42b3f84333815029cec0ac9d3a126330?s=96&d=mm&r=g\",\"caption\":\"internewskosova\"},\"url\":\"https:\/\/internewskosova.org\/sq_al\/author\/internewskosova\/\"}]}<\/script>\n<!-- \/ Yoast SEO plugin. -->","yoast_head_json":{"title":"Tema","robots":{"index":"index","follow":"follow","max-snippet":"max-snippet:-1","max-image-preview":"max-image-preview:large","max-video-preview":"max-video-preview:-1"},"canonical":"https:\/\/internewskosova.org\/sq_al\/tema\/","og_locale":"sq_AL","og_type":"article","og_title":"Tema","og_description":"Tema \u2013 \u00ebsht\u00eb programi m\u00eb i ri televiziv, i cili paraqet nj\u00eb koncept unik t\u00eb zhvilluar nga Interne\u00ebs Kosova n\u00eb bashk\u00ebpunim me BIRN Kosov\u00ebn dhe BIRN Serbin\u00eb. Bazuar n\u00eb supozimin q\u00eb deri m\u00eb tani \u00ebsht\u00eb b\u00ebr\u00eb pak q\u00eb q\u00eb t\u00eb organizohen debate t\u00eb tilla, ne kemi menduar q\u00eb duke prodhuar nj\u00eb seri t\u00eb debateve dhe [&hellip;]","og_url":"https:\/\/internewskosova.org\/sq_al\/tema\/","og_site_name":"Internews Kosova","article_published_time":"2016-01-10T13:39:10+00:00","article_modified_time":"2018-01-25T13:41:11+00:00","og_image":[{"width":400,"height":205,"url":"https:\/\/internewskosova.org\/wp-content\/uploads\/2017\/06\/temaa.jpg","type":"image\/jpeg"}],"author":"internewskosova","twitter_card":"summary_large_image","twitter_misc":{"Written by":"internewskosova"},"schema":{"@context":"https:\/\/schema.org","@graph":[{"@type":"WebPage","@id":"https:\/\/internewskosova.org\/tema\/","url":"https:\/\/internewskosova.org\/tema\/","name":"Tema","isPartOf":{"@id":"https:\/\/internewskosova.org\/#website"},"primaryImageOfPage":{"@id":"https:\/\/internewskosova.org\/tema\/#primaryimage"},"image":{"@id":"https:\/\/internewskosova.org\/tema\/#primaryimage"},"thumbnailUrl":"https:\/\/internewskosova.org\/wp-content\/uploads\/2017\/06\/temaa.jpg","datePublished":"2016-01-10T13:39:10+00:00","dateModified":"2018-01-25T13:41:11+00:00","author":{"@id":"https:\/\/internewskosova.org\/#\/schema\/person\/df061921b05fb4846fa727287c760e13"},"breadcrumb":{"@id":"https:\/\/internewskosova.org\/tema\/#breadcrumb"},"inLanguage":"sq-AL","potentialAction":[{"@type":"ReadAction","target":["https:\/\/internewskosova.org\/tema\/"]}]},{"@type":"ImageObject","inLanguage":"sq-AL","@id":"https:\/\/internewskosova.org\/tema\/#primaryimage","url":"https:\/\/internewskosova.org\/wp-content\/uploads\/2017\/06\/temaa.jpg","contentUrl":"https:\/\/internewskosova.org\/wp-content\/uploads\/2017\/06\/temaa.jpg","width":400,"height":205},{"@type":"BreadcrumbList","@id":"https:\/\/internewskosova.org\/tema\/#breadcrumb","itemListElement":[{"@type":"ListItem","position":1,"name":"Home","item":"https:\/\/internewskosova.org\/"},{"@type":"ListItem","position":2,"name":"Tema"}]},{"@type":"WebSite","@id":"https:\/\/internewskosova.org\/#website","url":"https:\/\/internewskosova.org\/","name":"Internews Kosova","description":"","potentialAction":[{"@type":"SearchAction","target":{"@type":"EntryPoint","urlTemplate":"https:\/\/internewskosova.org\/?s={search_term_string}"},"query-input":{"@type":"PropertyValueSpecification","valueRequired":true,"valueName":"search_term_string"}}],"inLanguage":"sq-AL"},{"@type":"Person","@id":"https:\/\/internewskosova.org\/#\/schema\/person\/df061921b05fb4846fa727287c760e13","name":"internewskosova","image":{"@type":"ImageObject","inLanguage":"sq-AL","@id":"https:\/\/internewskosova.org\/#\/schema\/person\/image\/","url":"https:\/\/secure.gravatar.com\/avatar\/42b3f84333815029cec0ac9d3a126330?s=96&d=mm&r=g","contentUrl":"https:\/\/secure.gravatar.com\/avatar\/42b3f84333815029cec0ac9d3a126330?s=96&d=mm&r=g","caption":"internewskosova"},"url":"https:\/\/internewskosova.org\/sq_al\/author\/internewskosova\/"}]}},"_links":{"self":[{"href":"https:\/\/internewskosova.org\/sq_al\/wp-json\/wp\/v2\/posts\/133","targetHints":{"allow":["GET"]}}],"collection":[{"href":"https:\/\/internewskosova.org\/sq_al\/wp-json\/wp\/v2\/posts"}],"about":[{"href":"https:\/\/internewskosova.org\/sq_al\/wp-json\/wp\/v2\/types\/post"}],"author":[{"embeddable":true,"href":"https:\/\/internewskosova.org\/sq_al\/wp-json\/wp\/v2\/users\/1"}],"replies":[{"embeddable":true,"href":"https:\/\/internewskosova.org\/sq_al\/wp-json\/wp\/v2\/comments?post=133"}],"version-history":[{"count":1,"href":"https:\/\/internewskosova.org\/sq_al\/wp-json\/wp\/v2\/posts\/133\/revisions"}],"predecessor-version":[{"id":1065,"href":"https:\/\/internewskosova.org\/sq_al\/wp-json\/wp\/v2\/posts\/133\/revisions\/1065"}],"wp:featuredmedia":[{"embeddable":true,"href":"https:\/\/internewskosova.org\/sq_al\/wp-json\/wp\/v2\/media\/898"}],"wp:attachment":[{"href":"https:\/\/internewskosova.org\/sq_al\/wp-json\/wp\/v2\/media?parent=133"}],"wp:term":[{"taxonomy":"category","embeddable":true,"href":"https:\/\/internewskosova.org\/sq_al\/wp-json\/wp\/v2\/categories?post=133"},{"taxonomy":"post_tag","embeddable":true,"href":"https:\/\/internewskosova.org\/sq_al\/wp-json\/wp\/v2\/tags?post=133"}],"curies":[{"name":"wp","href":"https:\/\/api.w.org\/{rel}","templated":true}]}}