{"id":137,"date":"2016-01-10T13:41:50","date_gmt":"2016-01-10T13:41:50","guid":{"rendered":"http:\/\/internewskosova.org\/?p=137"},"modified":"2018-01-25T13:39:07","modified_gmt":"2018-01-25T13:39:07","slug":"big-deal-2-2","status":"publish","type":"post","link":"https:\/\/internewskosova.org\/sq_al\/big-deal-2-2\/","title":{"rendered":"BIG DEAL 2"},"content":{"rendered":"<p><img loading=\"lazy\" decoding=\"async\" class=\"alignleft wp-image-265\" src=\"http:\/\/internewskosova.org\/wp-content\/uploads\/2016\/01\/bigdeal2-300x251.jpg\" alt=\"\" width=\"311\" height=\"260\" srcset=\"https:\/\/internewskosova.org\/wp-content\/uploads\/2016\/01\/bigdeal2-300x251.jpg 300w, https:\/\/internewskosova.org\/wp-content\/uploads\/2016\/01\/bigdeal2-600x502.jpg 600w, https:\/\/internewskosova.org\/wp-content\/uploads\/2016\/01\/bigdeal2.jpg 664w\" sizes=\"auto, (max-width: 311px) 100vw, 311px\" \/><\/p>\n<p>BIG DEAL 2: T\u00eb humbur n\u00eb stagnim. Kan\u00eb kaluar kat\u00ebr vjet q\u00ebkur Kosova dhe Serbia filluan procesin e ndjesh\u00ebm t\u00eb bisedimeve teknike dhe dy vjet q\u00ebkur u n\u00ebnshkrua marr\u00ebveshja historike p\u00ebr \u201cnormalizimin\u201d e marr\u00ebdh\u00ebnieve. Megjithat\u00eb, gjendja n\u00eb terren p\u00ebr sa i p\u00ebrket marr\u00ebdh\u00ebnieve nd\u00ebrmjet Kosov\u00ebs dhe Serbis\u00eb dhe ve\u00e7an\u00ebrisht n\u00eb kat\u00ebr komunat veriore t\u00eb Kosov\u00ebs, \u00ebsht\u00eb larg nga t\u00eb qen\u00ebt normale. Ndon\u00ebse ka arsye p\u00ebr t\u00eb shpresuar, ka edhe arsye p\u00ebr frustrim t\u00eb v\u00ebrtet\u00eb. Para gjasht\u00eb muajsh BIG DEAL publikoi raportin e par\u00eb me titull \u201cMonotoni e qytet\u00ebruar?\u201d.<\/p>","protected":false},"excerpt":{"rendered":"<p>BIG DEAL 2: T\u00eb humbur n\u00eb stagnim. Kan\u00eb kaluar kat\u00ebr vjet q\u00ebkur Kosova dhe Serbia filluan procesin e ndjesh\u00ebm t\u00eb bisedimeve teknike dhe dy vjet q\u00ebkur u n\u00ebnshkrua marr\u00ebveshja historike p\u00ebr \u201cnormalizimin\u201d e marr\u00ebdh\u00ebnieve. Megjithat\u00eb, gjendja n\u00eb terren p\u00ebr sa i p\u00ebrket marr\u00ebdh\u00ebnieve nd\u00ebrmjet Kosov\u00ebs dhe Serbis\u00eb dhe ve\u00e7an\u00ebrisht n\u00eb kat\u00ebr komunat veriore t\u00eb Kosov\u00ebs, [&hellip;]<\/p>","protected":false},"author":1,"featured_media":265,"comment_status":"open","ping_status":"open","sticky":false,"template":"","format":"standard","meta":{"_FSMCFIC_featured_image_caption":"","_FSMCFIC_featured_image_nocaption":"","_FSMCFIC_featured_image_hide":"","footnotes":""},"categories":[17],"tags":[],"class_list":["post-137","post","type-post","status-publish","format-standard","has-post-thumbnail","hentry","category-prodhimet-mediale"],"yoast_head":"<!-- This site is optimized with the Yoast SEO plugin v24.9 - https:\/\/yoast.com\/wordpress\/plugins\/seo\/ -->\n<title>BIG DEAL 2<\/title>\n<meta name=\"robots\" content=\"index, follow, max-snippet:-1, max-image-preview:large, max-video-preview:-1\" \/>\n<link rel=\"canonical\" href=\"https:\/\/internewskosova.org\/sq_al\/big-deal-2-2\/\" \/>\n<meta property=\"og:locale\" content=\"sq_AL\" \/>\n<meta property=\"og:type\" content=\"article\" \/>\n<meta property=\"og:title\" content=\"BIG DEAL 2\" \/>\n<meta property=\"og:description\" content=\"BIG DEAL 2: T\u00eb humbur n\u00eb stagnim. Kan\u00eb kaluar kat\u00ebr vjet q\u00ebkur Kosova dhe Serbia filluan procesin e ndjesh\u00ebm t\u00eb bisedimeve teknike dhe dy vjet q\u00ebkur u n\u00ebnshkrua marr\u00ebveshja historike p\u00ebr \u201cnormalizimin\u201d e marr\u00ebdh\u00ebnieve. Megjithat\u00eb, gjendja n\u00eb terren p\u00ebr sa i p\u00ebrket marr\u00ebdh\u00ebnieve nd\u00ebrmjet Kosov\u00ebs dhe Serbis\u00eb dhe ve\u00e7an\u00ebrisht n\u00eb kat\u00ebr komunat veriore t\u00eb Kosov\u00ebs, [&hellip;]\" \/>\n<meta property=\"og:url\" content=\"https:\/\/internewskosova.org\/sq_al\/big-deal-2-2\/\" \/>\n<meta property=\"og:site_name\" content=\"Internews Kosova\" \/>\n<meta property=\"article:published_time\" content=\"2016-01-10T13:41:50+00:00\" \/>\n<meta property=\"article:modified_time\" content=\"2018-01-25T13:39:07+00:00\" \/>\n<meta property=\"og:image\" content=\"https:\/\/internewskosova.org\/wp-content\/uploads\/2016\/01\/bigdeal2.jpg\" \/>\n\t<meta property=\"og:image:width\" content=\"664\" \/>\n\t<meta property=\"og:image:height\" content=\"556\" \/>\n\t<meta property=\"og:image:type\" content=\"image\/jpeg\" \/>\n<meta name=\"author\" content=\"internewskosova\" \/>\n<meta name=\"twitter:card\" content=\"summary_large_image\" \/>\n<meta name=\"twitter:label1\" content=\"Written by\" \/>\n\t<meta name=\"twitter:data1\" content=\"internewskosova\" \/>\n\t<meta name=\"twitter:label2\" content=\"Est. reading time\" \/>\n\t<meta name=\"twitter:data2\" content=\"1 minute\" \/>\n<script type=\"application\/ld+json\" class=\"yoast-schema-graph\">{\"@context\":\"https:\/\/schema.org\",\"@graph\":[{\"@type\":\"WebPage\",\"@id\":\"https:\/\/internewskosova.org\/big-deal-2-2\/\",\"url\":\"https:\/\/internewskosova.org\/big-deal-2-2\/\",\"name\":\"BIG DEAL 2\",\"isPartOf\":{\"@id\":\"https:\/\/internewskosova.org\/#website\"},\"primaryImageOfPage\":{\"@id\":\"https:\/\/internewskosova.org\/big-deal-2-2\/#primaryimage\"},\"image\":{\"@id\":\"https:\/\/internewskosova.org\/big-deal-2-2\/#primaryimage\"},\"thumbnailUrl\":\"https:\/\/internewskosova.org\/wp-content\/uploads\/2016\/01\/bigdeal2.jpg\",\"datePublished\":\"2016-01-10T13:41:50+00:00\",\"dateModified\":\"2018-01-25T13:39:07+00:00\",\"author\":{\"@id\":\"https:\/\/internewskosova.org\/#\/schema\/person\/df061921b05fb4846fa727287c760e13\"},\"breadcrumb\":{\"@id\":\"https:\/\/internewskosova.org\/big-deal-2-2\/#breadcrumb\"},\"inLanguage\":\"sq-AL\",\"potentialAction\":[{\"@type\":\"ReadAction\",\"target\":[\"https:\/\/internewskosova.org\/big-deal-2-2\/\"]}]},{\"@type\":\"ImageObject\",\"inLanguage\":\"sq-AL\",\"@id\":\"https:\/\/internewskosova.org\/big-deal-2-2\/#primaryimage\",\"url\":\"https:\/\/internewskosova.org\/wp-content\/uploads\/2016\/01\/bigdeal2.jpg\",\"contentUrl\":\"https:\/\/internewskosova.org\/wp-content\/uploads\/2016\/01\/bigdeal2.jpg\",\"width\":664,\"height\":556},{\"@type\":\"BreadcrumbList\",\"@id\":\"https:\/\/internewskosova.org\/big-deal-2-2\/#breadcrumb\",\"itemListElement\":[{\"@type\":\"ListItem\",\"position\":1,\"name\":\"Home\",\"item\":\"https:\/\/internewskosova.org\/\"},{\"@type\":\"ListItem\",\"position\":2,\"name\":\"BIG DEAL 2\"}]},{\"@type\":\"WebSite\",\"@id\":\"https:\/\/internewskosova.org\/#website\",\"url\":\"https:\/\/internewskosova.org\/\",\"name\":\"Internews Kosova\",\"description\":\"\",\"potentialAction\":[{\"@type\":\"SearchAction\",\"target\":{\"@type\":\"EntryPoint\",\"urlTemplate\":\"https:\/\/internewskosova.org\/?s={search_term_string}\"},\"query-input\":{\"@type\":\"PropertyValueSpecification\",\"valueRequired\":true,\"valueName\":\"search_term_string\"}}],\"inLanguage\":\"sq-AL\"},{\"@type\":\"Person\",\"@id\":\"https:\/\/internewskosova.org\/#\/schema\/person\/df061921b05fb4846fa727287c760e13\",\"name\":\"internewskosova\",\"image\":{\"@type\":\"ImageObject\",\"inLanguage\":\"sq-AL\",\"@id\":\"https:\/\/internewskosova.org\/#\/schema\/person\/image\/\",\"url\":\"https:\/\/secure.gravatar.com\/avatar\/42b3f84333815029cec0ac9d3a126330?s=96&d=mm&r=g\",\"contentUrl\":\"https:\/\/secure.gravatar.com\/avatar\/42b3f84333815029cec0ac9d3a126330?s=96&d=mm&r=g\",\"caption\":\"internewskosova\"},\"url\":\"https:\/\/internewskosova.org\/sq_al\/author\/internewskosova\/\"}]}<\/script>\n<!-- \/ Yoast SEO plugin. -->","yoast_head_json":{"title":"BIG DEAL 2","robots":{"index":"index","follow":"follow","max-snippet":"max-snippet:-1","max-image-preview":"max-image-preview:large","max-video-preview":"max-video-preview:-1"},"canonical":"https:\/\/internewskosova.org\/sq_al\/big-deal-2-2\/","og_locale":"sq_AL","og_type":"article","og_title":"BIG DEAL 2","og_description":"BIG DEAL 2: T\u00eb humbur n\u00eb stagnim. Kan\u00eb kaluar kat\u00ebr vjet q\u00ebkur Kosova dhe Serbia filluan procesin e ndjesh\u00ebm t\u00eb bisedimeve teknike dhe dy vjet q\u00ebkur u n\u00ebnshkrua marr\u00ebveshja historike p\u00ebr \u201cnormalizimin\u201d e marr\u00ebdh\u00ebnieve. Megjithat\u00eb, gjendja n\u00eb terren p\u00ebr sa i p\u00ebrket marr\u00ebdh\u00ebnieve nd\u00ebrmjet Kosov\u00ebs dhe Serbis\u00eb dhe ve\u00e7an\u00ebrisht n\u00eb kat\u00ebr komunat veriore t\u00eb Kosov\u00ebs, [&hellip;]","og_url":"https:\/\/internewskosova.org\/sq_al\/big-deal-2-2\/","og_site_name":"Internews Kosova","article_published_time":"2016-01-10T13:41:50+00:00","article_modified_time":"2018-01-25T13:39:07+00:00","og_image":[{"width":664,"height":556,"url":"https:\/\/internewskosova.org\/wp-content\/uploads\/2016\/01\/bigdeal2.jpg","type":"image\/jpeg"}],"author":"internewskosova","twitter_card":"summary_large_image","twitter_misc":{"Written by":"internewskosova","Est. reading time":"1 minute"},"schema":{"@context":"https:\/\/schema.org","@graph":[{"@type":"WebPage","@id":"https:\/\/internewskosova.org\/big-deal-2-2\/","url":"https:\/\/internewskosova.org\/big-deal-2-2\/","name":"BIG DEAL 2","isPartOf":{"@id":"https:\/\/internewskosova.org\/#website"},"primaryImageOfPage":{"@id":"https:\/\/internewskosova.org\/big-deal-2-2\/#primaryimage"},"image":{"@id":"https:\/\/internewskosova.org\/big-deal-2-2\/#primaryimage"},"thumbnailUrl":"https:\/\/internewskosova.org\/wp-content\/uploads\/2016\/01\/bigdeal2.jpg","datePublished":"2016-01-10T13:41:50+00:00","dateModified":"2018-01-25T13:39:07+00:00","author":{"@id":"https:\/\/internewskosova.org\/#\/schema\/person\/df061921b05fb4846fa727287c760e13"},"breadcrumb":{"@id":"https:\/\/internewskosova.org\/big-deal-2-2\/#breadcrumb"},"inLanguage":"sq-AL","potentialAction":[{"@type":"ReadAction","target":["https:\/\/internewskosova.org\/big-deal-2-2\/"]}]},{"@type":"ImageObject","inLanguage":"sq-AL","@id":"https:\/\/internewskosova.org\/big-deal-2-2\/#primaryimage","url":"https:\/\/internewskosova.org\/wp-content\/uploads\/2016\/01\/bigdeal2.jpg","contentUrl":"https:\/\/internewskosova.org\/wp-content\/uploads\/2016\/01\/bigdeal2.jpg","width":664,"height":556},{"@type":"BreadcrumbList","@id":"https:\/\/internewskosova.org\/big-deal-2-2\/#breadcrumb","itemListElement":[{"@type":"ListItem","position":1,"name":"Home","item":"https:\/\/internewskosova.org\/"},{"@type":"ListItem","position":2,"name":"BIG DEAL 2"}]},{"@type":"WebSite","@id":"https:\/\/internewskosova.org\/#website","url":"https:\/\/internewskosova.org\/","name":"Internews Kosova","description":"","potentialAction":[{"@type":"SearchAction","target":{"@type":"EntryPoint","urlTemplate":"https:\/\/internewskosova.org\/?s={search_term_string}"},"query-input":{"@type":"PropertyValueSpecification","valueRequired":true,"valueName":"search_term_string"}}],"inLanguage":"sq-AL"},{"@type":"Person","@id":"https:\/\/internewskosova.org\/#\/schema\/person\/df061921b05fb4846fa727287c760e13","name":"internewskosova","image":{"@type":"ImageObject","inLanguage":"sq-AL","@id":"https:\/\/internewskosova.org\/#\/schema\/person\/image\/","url":"https:\/\/secure.gravatar.com\/avatar\/42b3f84333815029cec0ac9d3a126330?s=96&d=mm&r=g","contentUrl":"https:\/\/secure.gravatar.com\/avatar\/42b3f84333815029cec0ac9d3a126330?s=96&d=mm&r=g","caption":"internewskosova"},"url":"https:\/\/internewskosova.org\/sq_al\/author\/internewskosova\/"}]}},"_links":{"self":[{"href":"https:\/\/internewskosova.org\/sq_al\/wp-json\/wp\/v2\/posts\/137","targetHints":{"allow":["GET"]}}],"collection":[{"href":"https:\/\/internewskosova.org\/sq_al\/wp-json\/wp\/v2\/posts"}],"about":[{"href":"https:\/\/internewskosova.org\/sq_al\/wp-json\/wp\/v2\/types\/post"}],"author":[{"embeddable":true,"href":"https:\/\/internewskosova.org\/sq_al\/wp-json\/wp\/v2\/users\/1"}],"replies":[{"embeddable":true,"href":"https:\/\/internewskosova.org\/sq_al\/wp-json\/wp\/v2\/comments?post=137"}],"version-history":[{"count":1,"href":"https:\/\/internewskosova.org\/sq_al\/wp-json\/wp\/v2\/posts\/137\/revisions"}],"predecessor-version":[{"id":1062,"href":"https:\/\/internewskosova.org\/sq_al\/wp-json\/wp\/v2\/posts\/137\/revisions\/1062"}],"wp:featuredmedia":[{"embeddable":true,"href":"https:\/\/internewskosova.org\/sq_al\/wp-json\/wp\/v2\/media\/265"}],"wp:attachment":[{"href":"https:\/\/internewskosova.org\/sq_al\/wp-json\/wp\/v2\/media?parent=137"}],"wp:term":[{"taxonomy":"category","embeddable":true,"href":"https:\/\/internewskosova.org\/sq_al\/wp-json\/wp\/v2\/categories?post=137"},{"taxonomy":"post_tag","embeddable":true,"href":"https:\/\/internewskosova.org\/sq_al\/wp-json\/wp\/v2\/tags?post=137"}],"curies":[{"name":"wp","href":"https:\/\/api.w.org\/{rel}","templated":true}]}}