{"id":149,"date":"2016-01-10T13:48:42","date_gmt":"2016-01-10T13:48:42","guid":{"rendered":"http:\/\/internewskosova.org\/?p=149"},"modified":"2018-01-26T00:40:48","modified_gmt":"2018-01-26T00:40:48","slug":"emision-tema-a-eshte-e-mundur-te-shkruhet-historia-pa-fyer-te-tjeret","status":"publish","type":"post","link":"https:\/\/internewskosova.org\/sq_al\/emision-tema-a-eshte-e-mundur-te-shkruhet-historia-pa-fyer-te-tjeret\/","title":{"rendered":"Emision TEMA: \u201cA \u00ebsht\u00eb e mundur t\u00eb shkruhet historia, pa fyer t\u00eb tjer\u00ebt"},"content":{"rendered":"<p><iframe loading=\"lazy\" title=\"Tema Istorija 27 Min Pink\" width=\"640\" height=\"360\" src=\"https:\/\/www.youtube.com\/embed\/VjaaB71I888?feature=oembed\" frameborder=\"0\" allow=\"accelerometer; autoplay; clipboard-write; encrypted-media; gyroscope; picture-in-picture; web-share\" referrerpolicy=\"strict-origin-when-cross-origin\" allowfullscreen><\/iframe><\/p>\n<h2><a href=\"https:\/\/www.youtube.com\/watch?v=VjaaB71I888\">TEMA: \u201cA \u00ebsht\u00eb e mundur t\u00eb shkruhet historia, pa fyer t\u00eb tjer\u00ebt<\/a><\/h2>\n<p>Jusuf Buxhovi dhe Enver Rexhaj nga Kosova, dhe \u00c7edomir Antiq dhe Momqillo Pavlloviq nga Serbia, shpesh gjat\u00eb debatit pranuan t\u00eb mos pajtohen, por t\u00eb gjith\u00eb k\u00ebta historian\u00eb t\u00eb respektuar, theksuan nevoj\u00ebn p\u00ebr bashk\u00ebpunim t\u00eb dyansh\u00ebm nd\u00ebrmjet historian\u00ebve kosovar\u00eb dhe atyre serb\u00eb.<\/p>\n<p>\u201cHistoria nuk ndryshon asnj\u00ebher\u00eb, por perceptimi p\u00ebr t\u00eb shpesh ndryshon\u201d dhe \u201chistoria shum\u00eb shpesh \u00ebsht\u00eb keqp\u00ebrdorur p\u00ebr t\u00eb arritur synime politike\u201d, ishin dy pika t\u00eb tjera kryesore p\u00ebr t\u00eb cilat k\u00ebta historian\u00eb u pajtuan gjat\u00eb k\u00ebtij debati interesant dhe informues.<\/p>\n<p>Historian\u00ebt q\u00eb marrin pjes\u00eb n\u00eb k\u00ebt\u00eb debat televiziv t\u00eb organizuar nga Internews Kosova dhe BIRN-i u pajtuan gjithashtu se tekstet shkollore t\u00eb historis\u00eb nuk duhet t\u00eb p\u00ebrmbajn\u00eb fjal\u00eb urrejtjeje dhe nuk duhet t\u00eb hezitojn\u00eb t\u00eb tregojn\u00eb t\u00eb v\u00ebrtet\u00ebn, si n\u00eb Serbi ashtu dhe n\u00eb Kosov\u00eb.<\/p>\n<p>Pavar\u00ebsisht dallimeve t\u00eb thella dhe akuzimeve t\u00eb dyanshme, panelist\u00ebt i ofruan nj\u00ebri-tjetrit shk\u00ebmbim t\u00eb informacionit dhe dokumentacione p\u00ebr hulumtimet e tyre t\u00eb ardhshme shkencore.<\/p>\n<p>Premiera e debatit do t\u00eb shfaqet m\u00eb 7 janar, nga ora 22:30, n\u00eb RTV21.<\/p>\n<p>___________________________________________________________________<\/p>\n<p>U drugoj epizodi serije televizijskih debata \u201cTema\u201d o neformalnom dijalogu izme\u0111u Kosova i Srbije, \u010detiri istori\u010dara, po dvoje sa svake strane, raspravljaju na temu \u201cDa li je mogu\u0107e pisati istoriju bez vre\u0111anja drugih?\u201c.<\/p>\n<p>Jusuf Bud\u017eovi i Enver Red\u017eaj sa Kosova i \u010cedomir Anti\u0107 i Mom\u010dilo Pavlovi\u0107 iz Srbije \u010desto u toku debate priznaju da se ne sla\u017eu, me\u0111utim, sva \u010detvorica uglednih istori\u010dara su istakli potrebu za uzajamnom saradnjom kosovskih i srpskih istori\u010dara.<\/p>\n<p>\u201cIstorija se nikada ne menja, ali se njena percepcija \u010desto menja\u201d i \u201cistorija se veoma \u010desto zloupotrebljavala za postizanje politi\u010dkih ciljeva\u201d, su naredne dve ta\u010dke o kojima su se ovi istori\u010dari slo\u017eili tokom ove interesantne i informativne debate.<\/p>\n<p>Istori\u010dari koji u\u010destvuju u ovoj televizijskoj debati u organizaciji Internews Kosova i BIRN-a slo\u017eili su se i po pitanju da \u0161kolski ud\u017ebenici istorije ne treba da sadr\u017ee re\u010di mr\u017enje i da u Srbiji i na Kosovu ne treba da se ustru\u010davaju da poka\u017eu istinu.<\/p>\n<p>Bez obzira na duboke razlike i obostrane optu\u017ebe, panelisti su jedni drugima ponudili razmenu informacija i dokumentaciju za njihova budu\u0107a nau\u010dna\u00a0 istra\u017eivanja.<\/p>\n<p>Premijera debate \u0107e se emitovati 7. janara, od 22:30 sati na RTV 21.<\/p>","protected":false},"excerpt":{"rendered":"<p>TEMA: \u201cA \u00ebsht\u00eb e mundur t\u00eb shkruhet historia, pa fyer t\u00eb tjer\u00ebt Jusuf Buxhovi dhe Enver Rexhaj nga Kosova, dhe \u00c7edomir Antiq dhe Momqillo Pavlloviq nga Serbia, shpesh gjat\u00eb debatit pranuan t\u00eb mos pajtohen, por t\u00eb gjith\u00eb k\u00ebta historian\u00eb t\u00eb respektuar, theksuan nevoj\u00ebn p\u00ebr bashk\u00ebpunim t\u00eb dyansh\u00ebm nd\u00ebrmjet historian\u00ebve kosovar\u00eb dhe atyre serb\u00eb. \u201cHistoria nuk [&hellip;]<\/p>","protected":false},"author":1,"featured_media":527,"comment_status":"open","ping_status":"open","sticky":false,"template":"","format":"standard","meta":{"_FSMCFIC_featured_image_caption":"","_FSMCFIC_featured_image_nocaption":"","_FSMCFIC_featured_image_hide":"","footnotes":""},"categories":[19],"tags":[],"class_list":["post-149","post","type-post","status-publish","format-standard","has-post-thumbnail","hentry","category-emisionet"],"yoast_head":"<!-- This site is optimized with the Yoast SEO plugin v24.9 - https:\/\/yoast.com\/wordpress\/plugins\/seo\/ -->\n<title>Emision TEMA: \u201cA \u00ebsht\u00eb e mundur t\u00eb shkruhet historia, pa fyer t\u00eb tjer\u00ebt<\/title>\n<meta name=\"robots\" content=\"index, follow, max-snippet:-1, max-image-preview:large, max-video-preview:-1\" \/>\n<link rel=\"canonical\" href=\"https:\/\/internewskosova.org\/sq_al\/emision-tema-a-eshte-e-mundur-te-shkruhet-historia-pa-fyer-te-tjeret\/\" \/>\n<meta property=\"og:locale\" content=\"sq_AL\" \/>\n<meta property=\"og:type\" content=\"article\" \/>\n<meta property=\"og:title\" content=\"Emision TEMA: \u201cA \u00ebsht\u00eb e mundur t\u00eb shkruhet historia, pa fyer t\u00eb tjer\u00ebt\" \/>\n<meta property=\"og:description\" content=\"TEMA: \u201cA \u00ebsht\u00eb e mundur t\u00eb shkruhet historia, pa fyer t\u00eb tjer\u00ebt Jusuf Buxhovi dhe Enver Rexhaj nga Kosova, dhe \u00c7edomir Antiq dhe Momqillo Pavlloviq nga Serbia, shpesh gjat\u00eb debatit pranuan t\u00eb mos pajtohen, por t\u00eb gjith\u00eb k\u00ebta historian\u00eb t\u00eb respektuar, theksuan nevoj\u00ebn p\u00ebr bashk\u00ebpunim t\u00eb dyansh\u00ebm nd\u00ebrmjet historian\u00ebve kosovar\u00eb dhe atyre serb\u00eb. \u201cHistoria nuk [&hellip;]\" \/>\n<meta property=\"og:url\" content=\"https:\/\/internewskosova.org\/sq_al\/emision-tema-a-eshte-e-mundur-te-shkruhet-historia-pa-fyer-te-tjeret\/\" \/>\n<meta property=\"og:site_name\" content=\"Internews Kosova\" \/>\n<meta property=\"article:published_time\" content=\"2016-01-10T13:48:42+00:00\" \/>\n<meta property=\"article:modified_time\" content=\"2018-01-26T00:40:48+00:00\" \/>\n<meta property=\"og:image\" content=\"https:\/\/internewskosova.org\/wp-content\/uploads\/2017\/05\/TEMA-11.jpg\" \/>\n\t<meta property=\"og:image:width\" content=\"480\" \/>\n\t<meta property=\"og:image:height\" content=\"360\" \/>\n\t<meta property=\"og:image:type\" content=\"image\/jpeg\" \/>\n<meta name=\"author\" content=\"internewskosova\" \/>\n<meta name=\"twitter:card\" content=\"summary_large_image\" \/>\n<meta name=\"twitter:label1\" content=\"Written by\" \/>\n\t<meta name=\"twitter:data1\" content=\"internewskosova\" \/>\n\t<meta name=\"twitter:label2\" content=\"Est. reading time\" \/>\n\t<meta name=\"twitter:data2\" content=\"2 minutes\" \/>\n<script type=\"application\/ld+json\" class=\"yoast-schema-graph\">{\"@context\":\"https:\/\/schema.org\",\"@graph\":[{\"@type\":\"WebPage\",\"@id\":\"https:\/\/internewskosova.org\/emision-tema-a-eshte-e-mundur-te-shkruhet-historia-pa-fyer-te-tjeret\/\",\"url\":\"https:\/\/internewskosova.org\/emision-tema-a-eshte-e-mundur-te-shkruhet-historia-pa-fyer-te-tjeret\/\",\"name\":\"Emision TEMA: \u201cA \u00ebsht\u00eb e mundur t\u00eb shkruhet historia, pa fyer t\u00eb tjer\u00ebt\",\"isPartOf\":{\"@id\":\"https:\/\/internewskosova.org\/#website\"},\"primaryImageOfPage\":{\"@id\":\"https:\/\/internewskosova.org\/emision-tema-a-eshte-e-mundur-te-shkruhet-historia-pa-fyer-te-tjeret\/#primaryimage\"},\"image\":{\"@id\":\"https:\/\/internewskosova.org\/emision-tema-a-eshte-e-mundur-te-shkruhet-historia-pa-fyer-te-tjeret\/#primaryimage\"},\"thumbnailUrl\":\"https:\/\/internewskosova.org\/wp-content\/uploads\/2017\/05\/TEMA-11.jpg\",\"datePublished\":\"2016-01-10T13:48:42+00:00\",\"dateModified\":\"2018-01-26T00:40:48+00:00\",\"author\":{\"@id\":\"https:\/\/internewskosova.org\/#\/schema\/person\/df061921b05fb4846fa727287c760e13\"},\"breadcrumb\":{\"@id\":\"https:\/\/internewskosova.org\/emision-tema-a-eshte-e-mundur-te-shkruhet-historia-pa-fyer-te-tjeret\/#breadcrumb\"},\"inLanguage\":\"sq-AL\",\"potentialAction\":[{\"@type\":\"ReadAction\",\"target\":[\"https:\/\/internewskosova.org\/emision-tema-a-eshte-e-mundur-te-shkruhet-historia-pa-fyer-te-tjeret\/\"]}]},{\"@type\":\"ImageObject\",\"inLanguage\":\"sq-AL\",\"@id\":\"https:\/\/internewskosova.org\/emision-tema-a-eshte-e-mundur-te-shkruhet-historia-pa-fyer-te-tjeret\/#primaryimage\",\"url\":\"https:\/\/internewskosova.org\/wp-content\/uploads\/2017\/05\/TEMA-11.jpg\",\"contentUrl\":\"https:\/\/internewskosova.org\/wp-content\/uploads\/2017\/05\/TEMA-11.jpg\",\"width\":480,\"height\":360},{\"@type\":\"BreadcrumbList\",\"@id\":\"https:\/\/internewskosova.org\/emision-tema-a-eshte-e-mundur-te-shkruhet-historia-pa-fyer-te-tjeret\/#breadcrumb\",\"itemListElement\":[{\"@type\":\"ListItem\",\"position\":1,\"name\":\"Home\",\"item\":\"https:\/\/internewskosova.org\/\"},{\"@type\":\"ListItem\",\"position\":2,\"name\":\"Emision TEMA: \u201cA \u00ebsht\u00eb e mundur t\u00eb shkruhet historia, pa fyer t\u00eb tjer\u00ebt\"}]},{\"@type\":\"WebSite\",\"@id\":\"https:\/\/internewskosova.org\/#website\",\"url\":\"https:\/\/internewskosova.org\/\",\"name\":\"Internews Kosova\",\"description\":\"\",\"potentialAction\":[{\"@type\":\"SearchAction\",\"target\":{\"@type\":\"EntryPoint\",\"urlTemplate\":\"https:\/\/internewskosova.org\/?s={search_term_string}\"},\"query-input\":{\"@type\":\"PropertyValueSpecification\",\"valueRequired\":true,\"valueName\":\"search_term_string\"}}],\"inLanguage\":\"sq-AL\"},{\"@type\":\"Person\",\"@id\":\"https:\/\/internewskosova.org\/#\/schema\/person\/df061921b05fb4846fa727287c760e13\",\"name\":\"internewskosova\",\"image\":{\"@type\":\"ImageObject\",\"inLanguage\":\"sq-AL\",\"@id\":\"https:\/\/internewskosova.org\/#\/schema\/person\/image\/\",\"url\":\"https:\/\/secure.gravatar.com\/avatar\/42b3f84333815029cec0ac9d3a126330?s=96&d=mm&r=g\",\"contentUrl\":\"https:\/\/secure.gravatar.com\/avatar\/42b3f84333815029cec0ac9d3a126330?s=96&d=mm&r=g\",\"caption\":\"internewskosova\"},\"url\":\"https:\/\/internewskosova.org\/sq_al\/author\/internewskosova\/\"}]}<\/script>\n<!-- \/ Yoast SEO plugin. -->","yoast_head_json":{"title":"Emision TEMA: \u201cA \u00ebsht\u00eb e mundur t\u00eb shkruhet historia, pa fyer t\u00eb tjer\u00ebt","robots":{"index":"index","follow":"follow","max-snippet":"max-snippet:-1","max-image-preview":"max-image-preview:large","max-video-preview":"max-video-preview:-1"},"canonical":"https:\/\/internewskosova.org\/sq_al\/emision-tema-a-eshte-e-mundur-te-shkruhet-historia-pa-fyer-te-tjeret\/","og_locale":"sq_AL","og_type":"article","og_title":"Emision TEMA: \u201cA \u00ebsht\u00eb e mundur t\u00eb shkruhet historia, pa fyer t\u00eb tjer\u00ebt","og_description":"TEMA: \u201cA \u00ebsht\u00eb e mundur t\u00eb shkruhet historia, pa fyer t\u00eb tjer\u00ebt Jusuf Buxhovi dhe Enver Rexhaj nga Kosova, dhe \u00c7edomir Antiq dhe Momqillo Pavlloviq nga Serbia, shpesh gjat\u00eb debatit pranuan t\u00eb mos pajtohen, por t\u00eb gjith\u00eb k\u00ebta historian\u00eb t\u00eb respektuar, theksuan nevoj\u00ebn p\u00ebr bashk\u00ebpunim t\u00eb dyansh\u00ebm nd\u00ebrmjet historian\u00ebve kosovar\u00eb dhe atyre serb\u00eb. \u201cHistoria nuk [&hellip;]","og_url":"https:\/\/internewskosova.org\/sq_al\/emision-tema-a-eshte-e-mundur-te-shkruhet-historia-pa-fyer-te-tjeret\/","og_site_name":"Internews Kosova","article_published_time":"2016-01-10T13:48:42+00:00","article_modified_time":"2018-01-26T00:40:48+00:00","og_image":[{"width":480,"height":360,"url":"https:\/\/internewskosova.org\/wp-content\/uploads\/2017\/05\/TEMA-11.jpg","type":"image\/jpeg"}],"author":"internewskosova","twitter_card":"summary_large_image","twitter_misc":{"Written by":"internewskosova","Est. reading time":"2 minutes"},"schema":{"@context":"https:\/\/schema.org","@graph":[{"@type":"WebPage","@id":"https:\/\/internewskosova.org\/emision-tema-a-eshte-e-mundur-te-shkruhet-historia-pa-fyer-te-tjeret\/","url":"https:\/\/internewskosova.org\/emision-tema-a-eshte-e-mundur-te-shkruhet-historia-pa-fyer-te-tjeret\/","name":"Emision TEMA: \u201cA \u00ebsht\u00eb e mundur t\u00eb shkruhet historia, pa fyer t\u00eb tjer\u00ebt","isPartOf":{"@id":"https:\/\/internewskosova.org\/#website"},"primaryImageOfPage":{"@id":"https:\/\/internewskosova.org\/emision-tema-a-eshte-e-mundur-te-shkruhet-historia-pa-fyer-te-tjeret\/#primaryimage"},"image":{"@id":"https:\/\/internewskosova.org\/emision-tema-a-eshte-e-mundur-te-shkruhet-historia-pa-fyer-te-tjeret\/#primaryimage"},"thumbnailUrl":"https:\/\/internewskosova.org\/wp-content\/uploads\/2017\/05\/TEMA-11.jpg","datePublished":"2016-01-10T13:48:42+00:00","dateModified":"2018-01-26T00:40:48+00:00","author":{"@id":"https:\/\/internewskosova.org\/#\/schema\/person\/df061921b05fb4846fa727287c760e13"},"breadcrumb":{"@id":"https:\/\/internewskosova.org\/emision-tema-a-eshte-e-mundur-te-shkruhet-historia-pa-fyer-te-tjeret\/#breadcrumb"},"inLanguage":"sq-AL","potentialAction":[{"@type":"ReadAction","target":["https:\/\/internewskosova.org\/emision-tema-a-eshte-e-mundur-te-shkruhet-historia-pa-fyer-te-tjeret\/"]}]},{"@type":"ImageObject","inLanguage":"sq-AL","@id":"https:\/\/internewskosova.org\/emision-tema-a-eshte-e-mundur-te-shkruhet-historia-pa-fyer-te-tjeret\/#primaryimage","url":"https:\/\/internewskosova.org\/wp-content\/uploads\/2017\/05\/TEMA-11.jpg","contentUrl":"https:\/\/internewskosova.org\/wp-content\/uploads\/2017\/05\/TEMA-11.jpg","width":480,"height":360},{"@type":"BreadcrumbList","@id":"https:\/\/internewskosova.org\/emision-tema-a-eshte-e-mundur-te-shkruhet-historia-pa-fyer-te-tjeret\/#breadcrumb","itemListElement":[{"@type":"ListItem","position":1,"name":"Home","item":"https:\/\/internewskosova.org\/"},{"@type":"ListItem","position":2,"name":"Emision TEMA: \u201cA \u00ebsht\u00eb e mundur t\u00eb shkruhet historia, pa fyer t\u00eb tjer\u00ebt"}]},{"@type":"WebSite","@id":"https:\/\/internewskosova.org\/#website","url":"https:\/\/internewskosova.org\/","name":"Internews Kosova","description":"","potentialAction":[{"@type":"SearchAction","target":{"@type":"EntryPoint","urlTemplate":"https:\/\/internewskosova.org\/?s={search_term_string}"},"query-input":{"@type":"PropertyValueSpecification","valueRequired":true,"valueName":"search_term_string"}}],"inLanguage":"sq-AL"},{"@type":"Person","@id":"https:\/\/internewskosova.org\/#\/schema\/person\/df061921b05fb4846fa727287c760e13","name":"internewskosova","image":{"@type":"ImageObject","inLanguage":"sq-AL","@id":"https:\/\/internewskosova.org\/#\/schema\/person\/image\/","url":"https:\/\/secure.gravatar.com\/avatar\/42b3f84333815029cec0ac9d3a126330?s=96&d=mm&r=g","contentUrl":"https:\/\/secure.gravatar.com\/avatar\/42b3f84333815029cec0ac9d3a126330?s=96&d=mm&r=g","caption":"internewskosova"},"url":"https:\/\/internewskosova.org\/sq_al\/author\/internewskosova\/"}]}},"_links":{"self":[{"href":"https:\/\/internewskosova.org\/sq_al\/wp-json\/wp\/v2\/posts\/149","targetHints":{"allow":["GET"]}}],"collection":[{"href":"https:\/\/internewskosova.org\/sq_al\/wp-json\/wp\/v2\/posts"}],"about":[{"href":"https:\/\/internewskosova.org\/sq_al\/wp-json\/wp\/v2\/types\/post"}],"author":[{"embeddable":true,"href":"https:\/\/internewskosova.org\/sq_al\/wp-json\/wp\/v2\/users\/1"}],"replies":[{"embeddable":true,"href":"https:\/\/internewskosova.org\/sq_al\/wp-json\/wp\/v2\/comments?post=149"}],"version-history":[{"count":1,"href":"https:\/\/internewskosova.org\/sq_al\/wp-json\/wp\/v2\/posts\/149\/revisions"}],"predecessor-version":[{"id":1142,"href":"https:\/\/internewskosova.org\/sq_al\/wp-json\/wp\/v2\/posts\/149\/revisions\/1142"}],"wp:featuredmedia":[{"embeddable":true,"href":"https:\/\/internewskosova.org\/sq_al\/wp-json\/wp\/v2\/media\/527"}],"wp:attachment":[{"href":"https:\/\/internewskosova.org\/sq_al\/wp-json\/wp\/v2\/media?parent=149"}],"wp:term":[{"taxonomy":"category","embeddable":true,"href":"https:\/\/internewskosova.org\/sq_al\/wp-json\/wp\/v2\/categories?post=149"},{"taxonomy":"post_tag","embeddable":true,"href":"https:\/\/internewskosova.org\/sq_al\/wp-json\/wp\/v2\/tags?post=149"}],"curies":[{"name":"wp","href":"https:\/\/api.w.org\/{rel}","templated":true}]}}