{"id":1938,"date":"2019-12-09T09:10:24","date_gmt":"2019-12-09T09:10:24","guid":{"rendered":"http:\/\/internewskosova.org\/?p=1938"},"modified":"2019-12-09T09:10:24","modified_gmt":"2019-12-09T09:10:24","slug":"nxenesit-nga-mitrovica-trajnohen-ne-fushen-e-gazetarise","status":"publish","type":"post","link":"https:\/\/internewskosova.org\/sq_al\/nxenesit-nga-mitrovica-trajnohen-ne-fushen-e-gazetarise\/","title":{"rendered":"Nx\u00ebn\u00ebsit nga Mitrovica trajnohen n\u00eb fush\u00ebn e gazetaris\u00eb"},"content":{"rendered":"<p>Internews Kosova m\u00eb 7 dhe 8 dhjetor ka mbajtur nj\u00eb trajnim p\u00ebr gazetari me nx\u00ebn\u00ebs nga Mitrovica.<\/p>\n<p>17 nx\u00ebn\u00ebs t\u00eb Gjimnazit \u201cFrang Bardhi\u201d n\u00eb Mitrovic\u00eb mor\u00ebn pjes\u00eb n\u00eb trajnim si pjes\u00eb e projektit p\u00ebr ngritjen e kapaciteteve t\u00eb nx\u00ebn\u00ebsve me talente t\u00eb ve\u00e7anta n\u00eb fush\u00ebn e gazetaris\u00eb hulumtuese.<\/p>\n<p>Trajnimi dyditor, i implementuar nga organizata \u201cInternews Kosova\u201d, ishte i ndar\u00eb n\u00eb kat\u00ebr sesione, q\u00eb p\u00ebrfshinin informacione lidhur me bazat e gazetaris\u00eb, shkatht\u00ebsit\u00eb e shkrimit gazetaresk, gazetaris\u00eb televizive, hulumtuese dhe etik\u00ebn e gazetaris\u00eb.<\/p>\n<p>Trajnimi dhe vizita studimore u b\u00eb n\u00eb zyrat e KALLXO.com, ku nx\u00ebn\u00ebsit pan\u00eb p\u00ebr s\u00eb af\u00ebrmi procesin e pun\u00ebs s\u00eb nj\u00eb redaksie mediale.<\/p>\n<p>Redaktori i KALLXO.com Visar Prebreza n\u00eb dit\u00ebn e par\u00eb t\u00eb trajnimit u ligj\u00ebroi nx\u00ebn\u00ebsve lidhur me bazat e gazetaris\u00eb dhe teknikat q\u00eb sjellin produktet e ndryshme mediale.<\/p>\n<p>Nd\u00ebrsa Valdet Salihu, producent n\u00eb KALLXO.com, dhe n\u00eb emisionin \u201cDrejt\u00ebsia n\u00eb Kosov\u00eb\u201d, u tregoi nx\u00ebn\u00ebsve m\u00eb shum\u00eb lidhur me an\u00ebn teknike t\u00eb prodhimit medial.<\/p>\n<p>Ai u dha mund\u00ebsin\u00eb nx\u00ebn\u00ebsve t\u00eb shohin m\u00ebnyr\u00ebn e funksionimit t\u00eb mjeteve si kamera dhe foto aparati.<\/p>\n<p>N\u00eb sesionin e dit\u00ebs s\u00eb dyt\u00eb t\u00eb trajnimit, Doruntina Baliu, redaktore n\u00eb KALLXO.com realizoi ushtrime t\u00eb shkrimit t\u00eb lajmeve dhe intervistave me nx\u00ebn\u00ebsit.<\/p>\n<p>Ajo me shembuj konkret\u00eb diskutoi me nx\u00ebn\u00ebsit temat q\u00eb ata mund t\u00eb trajtojn\u00eb dhe produktet mediale q\u00eb mund t\u2019i prodhojn\u00eb me interes t\u00eb gjenerat\u00ebs s\u00eb tyre, n\u00eb platform\u00ebn KALLXO Rinia.<\/p>\n<p>N\u00eb dit\u00ebn e dyt\u00eb t\u00eb trajnimit, nx\u00ebn\u00ebsit po ashtu mor\u00ebn informacione lidhur me an\u00ebn ligjore t\u00eb funksionimit t\u00eb mediave.<\/p>\n<p>Labinot Leposhtica, koordinator i Zyr\u00ebs Ligjore n\u00eb KALLXO.com, njoftoi pjes\u00ebmarr\u00ebsit n\u00eb trajnim me institucionet dhe organet q\u00eb rregullojn\u00eb funksionimin e mediave dhe p\u00ebr Ligjin e Shpifjes.<\/p>\n<p>Ai shpjegoi kujdesin q\u00eb gazetar\u00ebt duhet ta ken\u00eb n\u00eb respektimin e kodit t\u00eb etik\u00ebs n\u00eb gazetari dhe profesionalizmin.<\/p>\n<p>Pjes\u00ebmarr\u00ebsit u certifikuan nd\u00ebrsa disa prej tyre do t\u00eb jen\u00eb t\u00eb p\u00ebrzgjedhur p\u00ebr t\u00eb vazhduar bashk\u00ebpunimin me KALLXO.com, p\u00ebrkat\u00ebsisht platform\u00ebn KALLXO Rinia.<\/p>\n<p>Trajnime t\u00eb tilla do t\u00eb realizohen n\u00eb pes\u00eb komuna t\u00eb Kosov\u00ebs: Prizren, Ferizaj, Mitrovic\u00eb, Gjilan dhe Prishtin\u00eb.<\/p>\n<p>Ky projekt mb\u00ebshtetet nga\u00a0 Ministria e Arsimit, Shkenc\u00ebs dhe Teknologjis\u00eb dhe implementohet nga Internews Kosova.<\/p>","protected":false},"excerpt":{"rendered":"<p>Internews Kosova m\u00eb 7 dhe 8 dhjetor ka mbajtur nj\u00eb trajnim p\u00ebr gazetari me nx\u00ebn\u00ebs nga Mitrovica. 17 nx\u00ebn\u00ebs t\u00eb Gjimnazit \u201cFrang Bardhi\u201d n\u00eb Mitrovic\u00eb mor\u00ebn pjes\u00eb n\u00eb trajnim si pjes\u00eb e projektit p\u00ebr ngritjen e kapaciteteve t\u00eb nx\u00ebn\u00ebsve me talente t\u00eb ve\u00e7anta n\u00eb fush\u00ebn e gazetaris\u00eb hulumtuese. Trajnimi dyditor, i implementuar nga organizata \u201cInternews [&hellip;]<\/p>","protected":false},"author":1,"featured_media":1939,"comment_status":"closed","ping_status":"closed","sticky":false,"template":"","format":"standard","meta":{"_FSMCFIC_featured_image_caption":"","_FSMCFIC_featured_image_nocaption":"","_FSMCFIC_featured_image_hide":"","footnotes":""},"categories":[18],"tags":[],"class_list":["post-1938","post","type-post","status-publish","format-standard","has-post-thumbnail","hentry","category-lajmet"],"yoast_head":"<!-- This site is optimized with the Yoast SEO plugin v24.9 - https:\/\/yoast.com\/wordpress\/plugins\/seo\/ -->\n<title>Nx\u00ebn\u00ebsit nga Mitrovica trajnohen n\u00eb fush\u00ebn e gazetaris\u00eb<\/title>\n<meta name=\"robots\" content=\"index, follow, max-snippet:-1, max-image-preview:large, max-video-preview:-1\" \/>\n<link rel=\"canonical\" href=\"https:\/\/internewskosova.org\/sq_al\/nxenesit-nga-mitrovica-trajnohen-ne-fushen-e-gazetarise\/\" \/>\n<meta property=\"og:locale\" content=\"sq_AL\" \/>\n<meta property=\"og:type\" content=\"article\" \/>\n<meta property=\"og:title\" content=\"Nx\u00ebn\u00ebsit nga Mitrovica trajnohen n\u00eb fush\u00ebn e gazetaris\u00eb\" \/>\n<meta property=\"og:description\" content=\"Internews Kosova m\u00eb 7 dhe 8 dhjetor ka mbajtur nj\u00eb trajnim p\u00ebr gazetari me nx\u00ebn\u00ebs nga Mitrovica. 17 nx\u00ebn\u00ebs t\u00eb Gjimnazit \u201cFrang Bardhi\u201d n\u00eb Mitrovic\u00eb mor\u00ebn pjes\u00eb n\u00eb trajnim si pjes\u00eb e projektit p\u00ebr ngritjen e kapaciteteve t\u00eb nx\u00ebn\u00ebsve me talente t\u00eb ve\u00e7anta n\u00eb fush\u00ebn e gazetaris\u00eb hulumtuese. Trajnimi dyditor, i implementuar nga organizata \u201cInternews [&hellip;]\" \/>\n<meta property=\"og:url\" content=\"https:\/\/internewskosova.org\/sq_al\/nxenesit-nga-mitrovica-trajnohen-ne-fushen-e-gazetarise\/\" \/>\n<meta property=\"og:site_name\" content=\"Internews Kosova\" \/>\n<meta property=\"article:published_time\" content=\"2019-12-09T09:10:24+00:00\" \/>\n<meta property=\"og:image\" content=\"https:\/\/internewskosova.org\/wp-content\/uploads\/2019\/12\/79315930_501294070477351_7679682772591443968_n.jpg\" \/>\n\t<meta property=\"og:image:width\" content=\"1728\" \/>\n\t<meta property=\"og:image:height\" content=\"972\" \/>\n\t<meta property=\"og:image:type\" content=\"image\/jpeg\" \/>\n<meta name=\"author\" content=\"internewskosova\" \/>\n<meta name=\"twitter:card\" content=\"summary_large_image\" \/>\n<meta name=\"twitter:label1\" content=\"Written by\" \/>\n\t<meta name=\"twitter:data1\" content=\"internewskosova\" \/>\n\t<meta name=\"twitter:label2\" content=\"Est. reading time\" \/>\n\t<meta name=\"twitter:data2\" content=\"2 minutes\" \/>\n<script type=\"application\/ld+json\" class=\"yoast-schema-graph\">{\"@context\":\"https:\/\/schema.org\",\"@graph\":[{\"@type\":\"WebPage\",\"@id\":\"https:\/\/internewskosova.org\/nxenesit-nga-mitrovica-trajnohen-ne-fushen-e-gazetarise\/\",\"url\":\"https:\/\/internewskosova.org\/nxenesit-nga-mitrovica-trajnohen-ne-fushen-e-gazetarise\/\",\"name\":\"Nx\u00ebn\u00ebsit nga Mitrovica trajnohen n\u00eb fush\u00ebn e gazetaris\u00eb\",\"isPartOf\":{\"@id\":\"https:\/\/internewskosova.org\/#website\"},\"primaryImageOfPage\":{\"@id\":\"https:\/\/internewskosova.org\/nxenesit-nga-mitrovica-trajnohen-ne-fushen-e-gazetarise\/#primaryimage\"},\"image\":{\"@id\":\"https:\/\/internewskosova.org\/nxenesit-nga-mitrovica-trajnohen-ne-fushen-e-gazetarise\/#primaryimage\"},\"thumbnailUrl\":\"https:\/\/internewskosova.org\/wp-content\/uploads\/2019\/12\/79315930_501294070477351_7679682772591443968_n.jpg\",\"datePublished\":\"2019-12-09T09:10:24+00:00\",\"author\":{\"@id\":\"https:\/\/internewskosova.org\/#\/schema\/person\/df061921b05fb4846fa727287c760e13\"},\"breadcrumb\":{\"@id\":\"https:\/\/internewskosova.org\/nxenesit-nga-mitrovica-trajnohen-ne-fushen-e-gazetarise\/#breadcrumb\"},\"inLanguage\":\"sq-AL\",\"potentialAction\":[{\"@type\":\"ReadAction\",\"target\":[\"https:\/\/internewskosova.org\/nxenesit-nga-mitrovica-trajnohen-ne-fushen-e-gazetarise\/\"]}]},{\"@type\":\"ImageObject\",\"inLanguage\":\"sq-AL\",\"@id\":\"https:\/\/internewskosova.org\/nxenesit-nga-mitrovica-trajnohen-ne-fushen-e-gazetarise\/#primaryimage\",\"url\":\"https:\/\/internewskosova.org\/wp-content\/uploads\/2019\/12\/79315930_501294070477351_7679682772591443968_n.jpg\",\"contentUrl\":\"https:\/\/internewskosova.org\/wp-content\/uploads\/2019\/12\/79315930_501294070477351_7679682772591443968_n.jpg\",\"width\":1728,\"height\":972},{\"@type\":\"BreadcrumbList\",\"@id\":\"https:\/\/internewskosova.org\/nxenesit-nga-mitrovica-trajnohen-ne-fushen-e-gazetarise\/#breadcrumb\",\"itemListElement\":[{\"@type\":\"ListItem\",\"position\":1,\"name\":\"Home\",\"item\":\"https:\/\/internewskosova.org\/\"},{\"@type\":\"ListItem\",\"position\":2,\"name\":\"Nx\u00ebn\u00ebsit nga Mitrovica trajnohen n\u00eb fush\u00ebn e gazetaris\u00eb\"}]},{\"@type\":\"WebSite\",\"@id\":\"https:\/\/internewskosova.org\/#website\",\"url\":\"https:\/\/internewskosova.org\/\",\"name\":\"Internews Kosova\",\"description\":\"\",\"potentialAction\":[{\"@type\":\"SearchAction\",\"target\":{\"@type\":\"EntryPoint\",\"urlTemplate\":\"https:\/\/internewskosova.org\/?s={search_term_string}\"},\"query-input\":{\"@type\":\"PropertyValueSpecification\",\"valueRequired\":true,\"valueName\":\"search_term_string\"}}],\"inLanguage\":\"sq-AL\"},{\"@type\":\"Person\",\"@id\":\"https:\/\/internewskosova.org\/#\/schema\/person\/df061921b05fb4846fa727287c760e13\",\"name\":\"internewskosova\",\"image\":{\"@type\":\"ImageObject\",\"inLanguage\":\"sq-AL\",\"@id\":\"https:\/\/internewskosova.org\/#\/schema\/person\/image\/\",\"url\":\"https:\/\/secure.gravatar.com\/avatar\/42b3f84333815029cec0ac9d3a126330?s=96&d=mm&r=g\",\"contentUrl\":\"https:\/\/secure.gravatar.com\/avatar\/42b3f84333815029cec0ac9d3a126330?s=96&d=mm&r=g\",\"caption\":\"internewskosova\"},\"url\":\"https:\/\/internewskosova.org\/sq_al\/author\/internewskosova\/\"}]}<\/script>\n<!-- \/ Yoast SEO plugin. -->","yoast_head_json":{"title":"Nx\u00ebn\u00ebsit nga Mitrovica trajnohen n\u00eb fush\u00ebn e gazetaris\u00eb","robots":{"index":"index","follow":"follow","max-snippet":"max-snippet:-1","max-image-preview":"max-image-preview:large","max-video-preview":"max-video-preview:-1"},"canonical":"https:\/\/internewskosova.org\/sq_al\/nxenesit-nga-mitrovica-trajnohen-ne-fushen-e-gazetarise\/","og_locale":"sq_AL","og_type":"article","og_title":"Nx\u00ebn\u00ebsit nga Mitrovica trajnohen n\u00eb fush\u00ebn e gazetaris\u00eb","og_description":"Internews Kosova m\u00eb 7 dhe 8 dhjetor ka mbajtur nj\u00eb trajnim p\u00ebr gazetari me nx\u00ebn\u00ebs nga Mitrovica. 17 nx\u00ebn\u00ebs t\u00eb Gjimnazit \u201cFrang Bardhi\u201d n\u00eb Mitrovic\u00eb mor\u00ebn pjes\u00eb n\u00eb trajnim si pjes\u00eb e projektit p\u00ebr ngritjen e kapaciteteve t\u00eb nx\u00ebn\u00ebsve me talente t\u00eb ve\u00e7anta n\u00eb fush\u00ebn e gazetaris\u00eb hulumtuese. Trajnimi dyditor, i implementuar nga organizata \u201cInternews [&hellip;]","og_url":"https:\/\/internewskosova.org\/sq_al\/nxenesit-nga-mitrovica-trajnohen-ne-fushen-e-gazetarise\/","og_site_name":"Internews Kosova","article_published_time":"2019-12-09T09:10:24+00:00","og_image":[{"width":1728,"height":972,"url":"https:\/\/internewskosova.org\/wp-content\/uploads\/2019\/12\/79315930_501294070477351_7679682772591443968_n.jpg","type":"image\/jpeg"}],"author":"internewskosova","twitter_card":"summary_large_image","twitter_misc":{"Written by":"internewskosova","Est. reading time":"2 minutes"},"schema":{"@context":"https:\/\/schema.org","@graph":[{"@type":"WebPage","@id":"https:\/\/internewskosova.org\/nxenesit-nga-mitrovica-trajnohen-ne-fushen-e-gazetarise\/","url":"https:\/\/internewskosova.org\/nxenesit-nga-mitrovica-trajnohen-ne-fushen-e-gazetarise\/","name":"Nx\u00ebn\u00ebsit nga Mitrovica trajnohen n\u00eb fush\u00ebn e gazetaris\u00eb","isPartOf":{"@id":"https:\/\/internewskosova.org\/#website"},"primaryImageOfPage":{"@id":"https:\/\/internewskosova.org\/nxenesit-nga-mitrovica-trajnohen-ne-fushen-e-gazetarise\/#primaryimage"},"image":{"@id":"https:\/\/internewskosova.org\/nxenesit-nga-mitrovica-trajnohen-ne-fushen-e-gazetarise\/#primaryimage"},"thumbnailUrl":"https:\/\/internewskosova.org\/wp-content\/uploads\/2019\/12\/79315930_501294070477351_7679682772591443968_n.jpg","datePublished":"2019-12-09T09:10:24+00:00","author":{"@id":"https:\/\/internewskosova.org\/#\/schema\/person\/df061921b05fb4846fa727287c760e13"},"breadcrumb":{"@id":"https:\/\/internewskosova.org\/nxenesit-nga-mitrovica-trajnohen-ne-fushen-e-gazetarise\/#breadcrumb"},"inLanguage":"sq-AL","potentialAction":[{"@type":"ReadAction","target":["https:\/\/internewskosova.org\/nxenesit-nga-mitrovica-trajnohen-ne-fushen-e-gazetarise\/"]}]},{"@type":"ImageObject","inLanguage":"sq-AL","@id":"https:\/\/internewskosova.org\/nxenesit-nga-mitrovica-trajnohen-ne-fushen-e-gazetarise\/#primaryimage","url":"https:\/\/internewskosova.org\/wp-content\/uploads\/2019\/12\/79315930_501294070477351_7679682772591443968_n.jpg","contentUrl":"https:\/\/internewskosova.org\/wp-content\/uploads\/2019\/12\/79315930_501294070477351_7679682772591443968_n.jpg","width":1728,"height":972},{"@type":"BreadcrumbList","@id":"https:\/\/internewskosova.org\/nxenesit-nga-mitrovica-trajnohen-ne-fushen-e-gazetarise\/#breadcrumb","itemListElement":[{"@type":"ListItem","position":1,"name":"Home","item":"https:\/\/internewskosova.org\/"},{"@type":"ListItem","position":2,"name":"Nx\u00ebn\u00ebsit nga Mitrovica trajnohen n\u00eb fush\u00ebn e gazetaris\u00eb"}]},{"@type":"WebSite","@id":"https:\/\/internewskosova.org\/#website","url":"https:\/\/internewskosova.org\/","name":"Internews Kosova","description":"","potentialAction":[{"@type":"SearchAction","target":{"@type":"EntryPoint","urlTemplate":"https:\/\/internewskosova.org\/?s={search_term_string}"},"query-input":{"@type":"PropertyValueSpecification","valueRequired":true,"valueName":"search_term_string"}}],"inLanguage":"sq-AL"},{"@type":"Person","@id":"https:\/\/internewskosova.org\/#\/schema\/person\/df061921b05fb4846fa727287c760e13","name":"internewskosova","image":{"@type":"ImageObject","inLanguage":"sq-AL","@id":"https:\/\/internewskosova.org\/#\/schema\/person\/image\/","url":"https:\/\/secure.gravatar.com\/avatar\/42b3f84333815029cec0ac9d3a126330?s=96&d=mm&r=g","contentUrl":"https:\/\/secure.gravatar.com\/avatar\/42b3f84333815029cec0ac9d3a126330?s=96&d=mm&r=g","caption":"internewskosova"},"url":"https:\/\/internewskosova.org\/sq_al\/author\/internewskosova\/"}]}},"_links":{"self":[{"href":"https:\/\/internewskosova.org\/sq_al\/wp-json\/wp\/v2\/posts\/1938","targetHints":{"allow":["GET"]}}],"collection":[{"href":"https:\/\/internewskosova.org\/sq_al\/wp-json\/wp\/v2\/posts"}],"about":[{"href":"https:\/\/internewskosova.org\/sq_al\/wp-json\/wp\/v2\/types\/post"}],"author":[{"embeddable":true,"href":"https:\/\/internewskosova.org\/sq_al\/wp-json\/wp\/v2\/users\/1"}],"replies":[{"embeddable":true,"href":"https:\/\/internewskosova.org\/sq_al\/wp-json\/wp\/v2\/comments?post=1938"}],"version-history":[{"count":1,"href":"https:\/\/internewskosova.org\/sq_al\/wp-json\/wp\/v2\/posts\/1938\/revisions"}],"predecessor-version":[{"id":1940,"href":"https:\/\/internewskosova.org\/sq_al\/wp-json\/wp\/v2\/posts\/1938\/revisions\/1940"}],"wp:featuredmedia":[{"embeddable":true,"href":"https:\/\/internewskosova.org\/sq_al\/wp-json\/wp\/v2\/media\/1939"}],"wp:attachment":[{"href":"https:\/\/internewskosova.org\/sq_al\/wp-json\/wp\/v2\/media?parent=1938"}],"wp:term":[{"taxonomy":"category","embeddable":true,"href":"https:\/\/internewskosova.org\/sq_al\/wp-json\/wp\/v2\/categories?post=1938"},{"taxonomy":"post_tag","embeddable":true,"href":"https:\/\/internewskosova.org\/sq_al\/wp-json\/wp\/v2\/tags?post=1938"}],"curies":[{"name":"wp","href":"https:\/\/api.w.org\/{rel}","templated":true}]}}