{"id":2005,"date":"2020-04-05T21:26:56","date_gmt":"2020-04-05T21:26:56","guid":{"rendered":"http:\/\/internewskosova.org\/?p=2005"},"modified":"2020-04-05T21:26:56","modified_gmt":"2020-04-05T21:26:56","slug":"internews-kosova-i-bashkohet-rrjetit-kunder-dezinformimit-te-ballkanit","status":"publish","type":"post","link":"https:\/\/internewskosova.org\/sq_al\/internews-kosova-i-bashkohet-rrjetit-kunder-dezinformimit-te-ballkanit\/","title":{"rendered":"Internews Kosova i bashkohet Rrjetit Kund\u00ebr Dezinformimit t\u00eb Ballkanit"},"content":{"rendered":"<p>M\u00eb 2 prill, Internews Kosova iu bashkua <a href=\"https:\/\/metamorphosis.org.mk\/sq\/aktivnosti_arhiva\/u-formua-rrjeti-kunder-dezinformimit-i-ballkanit-adn-ballkan-i-cili-angazhohet-per-bashkepunim-nderkufitar\/\">Rrjetit Kund\u00ebr Dezinformimit t\u00eb Ballkanit (ADN-Ballkan)<\/a> n\u00eb t\u00eb cilin b\u00ebjn\u00eb pjes\u00eb n\u00ebnt\u00eb organizata nga pes\u00eb shtete t\u00eb rajonit. Rrjeti, i shpallur n\u00eb Dit\u00ebn Nd\u00ebrkomb\u00ebtare t\u00eb Verifikuesve t\u00eb Fakteve, \u00ebsht\u00eb rrjeti m\u00eb i ri kund\u00ebr dezinformimit n\u00eb Ballkan p\u00ebr demaskimin e lajmeve t\u00eb rreme.<\/p>\n<p>Q\u00ebllimi i k\u00ebtij rrjeti \u00ebsht\u00eb avokimi p\u00ebr bashk\u00ebpunim nd\u00ebrkufitar n\u00eb mes organizatave t\u00eb shoq\u00ebris\u00eb civil, organizatave mediale dhe institucioneve arsimore, nd\u00ebr pal\u00eb t\u00eb tjera relevante q\u00eb ndajn\u00eb t\u00eb nj\u00ebjtat interesa p\u00ebr luftimin e dezinformimit.<\/p>\n<p>ADN Ballkan \u00ebsht\u00eb themeluar nga organizata t\u00eb p\u00ebrbashk\u00ebta q\u00eb funksionojn\u00eb mbi standardet m\u00eb t\u00eb larta t\u00eb verifikimit t\u00eb fakteve dhe gazetaris\u00eb profesionale si dhe promovojn\u00eb njohurit\u00eb elementare mediatike dhe t\u00eb menduarit kritik.<\/p>\n<p>Q\u00eb nga viti 2017, Internews Kosova p\u00ebrmes platform\u00ebs anti-korrupsion KALLXO.com \u00ebsht\u00eb pjes\u00eb e <a href=\"https:\/\/ifcncodeofprinciples.poynter.org\/profile\/internews-kosova\">Rrjetit Nd\u00ebrkomb\u00ebtar t\u00eb Verifikuesve t\u00eb Fakteve (IFCN)<\/a> n\u00eb Institutin Poynter. Gjithashtu, p\u00ebrve\u00e7 an\u00ebtar\u00ebsis\u00eb s\u00eb saj n\u00eb komunitetin e verifikuesve t\u00eb fakteve, Internews Kosova \u00ebsht\u00eb n\u00ebnshkruese e parimeve t\u00eb gazetaris\u00eb etike, t\u00eb cilat duhet t\u00eb aplikohen n\u00eb procesin e verifikimit t\u00eb fakteve.<\/p>\n<p>Tani, pas tri vjet an\u00ebtar\u00ebsi n\u00eb rrjetin nd\u00ebrkomb\u00ebtar t\u00eb verifikuesve t\u00eb fakteve, Internews Kosova \u00ebsht\u00eb an\u00ebtare edhe e rrjetit m\u00eb t\u00eb ri regjional p\u00ebr luftimin e lajmeve t\u00eb rreme.<\/p>","protected":false},"excerpt":{"rendered":"<p>M\u00eb 2 prill, Internews Kosova iu bashkua Rrjetit Kund\u00ebr Dezinformimit t\u00eb Ballkanit (ADN-Ballkan) n\u00eb t\u00eb cilin b\u00ebjn\u00eb pjes\u00eb n\u00ebnt\u00eb organizata nga pes\u00eb shtete t\u00eb rajonit. Rrjeti, i shpallur n\u00eb Dit\u00ebn Nd\u00ebrkomb\u00ebtare t\u00eb Verifikuesve t\u00eb Fakteve, \u00ebsht\u00eb rrjeti m\u00eb i ri kund\u00ebr dezinformimit n\u00eb Ballkan p\u00ebr demaskimin e lajmeve t\u00eb rreme. Q\u00ebllimi i k\u00ebtij rrjeti \u00ebsht\u00eb [&hellip;]<\/p>","protected":false},"author":1,"featured_media":2006,"comment_status":"closed","ping_status":"closed","sticky":false,"template":"","format":"standard","meta":{"_FSMCFIC_featured_image_caption":"","_FSMCFIC_featured_image_nocaption":"","_FSMCFIC_featured_image_hide":"","footnotes":""},"categories":[18],"tags":[],"class_list":["post-2005","post","type-post","status-publish","format-standard","has-post-thumbnail","hentry","category-lajmet"],"yoast_head":"<!-- This site is optimized with the Yoast SEO plugin v24.9 - https:\/\/yoast.com\/wordpress\/plugins\/seo\/ -->\n<title>Internews Kosova i bashkohet Rrjetit Kund\u00ebr Dezinformimit t\u00eb Ballkanit<\/title>\n<meta name=\"robots\" content=\"index, follow, max-snippet:-1, max-image-preview:large, max-video-preview:-1\" \/>\n<link rel=\"canonical\" href=\"https:\/\/internewskosova.org\/sq_al\/internews-kosova-i-bashkohet-rrjetit-kunder-dezinformimit-te-ballkanit\/\" \/>\n<meta property=\"og:locale\" content=\"sq_AL\" \/>\n<meta property=\"og:type\" content=\"article\" \/>\n<meta property=\"og:title\" content=\"Internews Kosova i bashkohet Rrjetit Kund\u00ebr Dezinformimit t\u00eb Ballkanit\" \/>\n<meta property=\"og:description\" content=\"M\u00eb 2 prill, Internews Kosova iu bashkua Rrjetit Kund\u00ebr Dezinformimit t\u00eb Ballkanit (ADN-Ballkan) n\u00eb t\u00eb cilin b\u00ebjn\u00eb pjes\u00eb n\u00ebnt\u00eb organizata nga pes\u00eb shtete t\u00eb rajonit. Rrjeti, i shpallur n\u00eb Dit\u00ebn Nd\u00ebrkomb\u00ebtare t\u00eb Verifikuesve t\u00eb Fakteve, \u00ebsht\u00eb rrjeti m\u00eb i ri kund\u00ebr dezinformimit n\u00eb Ballkan p\u00ebr demaskimin e lajmeve t\u00eb rreme. Q\u00ebllimi i k\u00ebtij rrjeti \u00ebsht\u00eb [&hellip;]\" \/>\n<meta property=\"og:url\" content=\"https:\/\/internewskosova.org\/sq_al\/internews-kosova-i-bashkohet-rrjetit-kunder-dezinformimit-te-ballkanit\/\" \/>\n<meta property=\"og:site_name\" content=\"Internews Kosova\" \/>\n<meta property=\"article:published_time\" content=\"2020-04-05T21:26:56+00:00\" \/>\n<meta property=\"og:image\" content=\"https:\/\/internewskosova.org\/wp-content\/uploads\/2020\/04\/iks-news-.png\" \/>\n\t<meta property=\"og:image:width\" content=\"1200\" \/>\n\t<meta property=\"og:image:height\" content=\"630\" \/>\n\t<meta property=\"og:image:type\" content=\"image\/png\" \/>\n<meta name=\"author\" content=\"internewskosova\" \/>\n<meta name=\"twitter:card\" content=\"summary_large_image\" \/>\n<meta name=\"twitter:label1\" content=\"Written by\" \/>\n\t<meta name=\"twitter:data1\" content=\"internewskosova\" \/>\n\t<meta name=\"twitter:label2\" content=\"Est. reading time\" \/>\n\t<meta name=\"twitter:data2\" content=\"1 minute\" \/>\n<script type=\"application\/ld+json\" class=\"yoast-schema-graph\">{\"@context\":\"https:\/\/schema.org\",\"@graph\":[{\"@type\":\"WebPage\",\"@id\":\"https:\/\/internewskosova.org\/internews-kosova-i-bashkohet-rrjetit-kunder-dezinformimit-te-ballkanit\/\",\"url\":\"https:\/\/internewskosova.org\/internews-kosova-i-bashkohet-rrjetit-kunder-dezinformimit-te-ballkanit\/\",\"name\":\"Internews Kosova i bashkohet Rrjetit Kund\u00ebr Dezinformimit t\u00eb Ballkanit\",\"isPartOf\":{\"@id\":\"https:\/\/internewskosova.org\/#website\"},\"primaryImageOfPage\":{\"@id\":\"https:\/\/internewskosova.org\/internews-kosova-i-bashkohet-rrjetit-kunder-dezinformimit-te-ballkanit\/#primaryimage\"},\"image\":{\"@id\":\"https:\/\/internewskosova.org\/internews-kosova-i-bashkohet-rrjetit-kunder-dezinformimit-te-ballkanit\/#primaryimage\"},\"thumbnailUrl\":\"https:\/\/internewskosova.org\/wp-content\/uploads\/2020\/04\/iks-news-.png\",\"datePublished\":\"2020-04-05T21:26:56+00:00\",\"author\":{\"@id\":\"https:\/\/internewskosova.org\/#\/schema\/person\/df061921b05fb4846fa727287c760e13\"},\"breadcrumb\":{\"@id\":\"https:\/\/internewskosova.org\/internews-kosova-i-bashkohet-rrjetit-kunder-dezinformimit-te-ballkanit\/#breadcrumb\"},\"inLanguage\":\"sq-AL\",\"potentialAction\":[{\"@type\":\"ReadAction\",\"target\":[\"https:\/\/internewskosova.org\/internews-kosova-i-bashkohet-rrjetit-kunder-dezinformimit-te-ballkanit\/\"]}]},{\"@type\":\"ImageObject\",\"inLanguage\":\"sq-AL\",\"@id\":\"https:\/\/internewskosova.org\/internews-kosova-i-bashkohet-rrjetit-kunder-dezinformimit-te-ballkanit\/#primaryimage\",\"url\":\"https:\/\/internewskosova.org\/wp-content\/uploads\/2020\/04\/iks-news-.png\",\"contentUrl\":\"https:\/\/internewskosova.org\/wp-content\/uploads\/2020\/04\/iks-news-.png\",\"width\":1200,\"height\":630},{\"@type\":\"BreadcrumbList\",\"@id\":\"https:\/\/internewskosova.org\/internews-kosova-i-bashkohet-rrjetit-kunder-dezinformimit-te-ballkanit\/#breadcrumb\",\"itemListElement\":[{\"@type\":\"ListItem\",\"position\":1,\"name\":\"Home\",\"item\":\"https:\/\/internewskosova.org\/\"},{\"@type\":\"ListItem\",\"position\":2,\"name\":\"Internews Kosova i bashkohet Rrjetit Kund\u00ebr Dezinformimit t\u00eb Ballkanit\"}]},{\"@type\":\"WebSite\",\"@id\":\"https:\/\/internewskosova.org\/#website\",\"url\":\"https:\/\/internewskosova.org\/\",\"name\":\"Internews Kosova\",\"description\":\"\",\"potentialAction\":[{\"@type\":\"SearchAction\",\"target\":{\"@type\":\"EntryPoint\",\"urlTemplate\":\"https:\/\/internewskosova.org\/?s={search_term_string}\"},\"query-input\":{\"@type\":\"PropertyValueSpecification\",\"valueRequired\":true,\"valueName\":\"search_term_string\"}}],\"inLanguage\":\"sq-AL\"},{\"@type\":\"Person\",\"@id\":\"https:\/\/internewskosova.org\/#\/schema\/person\/df061921b05fb4846fa727287c760e13\",\"name\":\"internewskosova\",\"image\":{\"@type\":\"ImageObject\",\"inLanguage\":\"sq-AL\",\"@id\":\"https:\/\/internewskosova.org\/#\/schema\/person\/image\/\",\"url\":\"https:\/\/secure.gravatar.com\/avatar\/42b3f84333815029cec0ac9d3a126330?s=96&d=mm&r=g\",\"contentUrl\":\"https:\/\/secure.gravatar.com\/avatar\/42b3f84333815029cec0ac9d3a126330?s=96&d=mm&r=g\",\"caption\":\"internewskosova\"},\"url\":\"https:\/\/internewskosova.org\/sq_al\/author\/internewskosova\/\"}]}<\/script>\n<!-- \/ Yoast SEO plugin. -->","yoast_head_json":{"title":"Internews Kosova i bashkohet Rrjetit Kund\u00ebr Dezinformimit t\u00eb Ballkanit","robots":{"index":"index","follow":"follow","max-snippet":"max-snippet:-1","max-image-preview":"max-image-preview:large","max-video-preview":"max-video-preview:-1"},"canonical":"https:\/\/internewskosova.org\/sq_al\/internews-kosova-i-bashkohet-rrjetit-kunder-dezinformimit-te-ballkanit\/","og_locale":"sq_AL","og_type":"article","og_title":"Internews Kosova i bashkohet Rrjetit Kund\u00ebr Dezinformimit t\u00eb Ballkanit","og_description":"M\u00eb 2 prill, Internews Kosova iu bashkua Rrjetit Kund\u00ebr Dezinformimit t\u00eb Ballkanit (ADN-Ballkan) n\u00eb t\u00eb cilin b\u00ebjn\u00eb pjes\u00eb n\u00ebnt\u00eb organizata nga pes\u00eb shtete t\u00eb rajonit. Rrjeti, i shpallur n\u00eb Dit\u00ebn Nd\u00ebrkomb\u00ebtare t\u00eb Verifikuesve t\u00eb Fakteve, \u00ebsht\u00eb rrjeti m\u00eb i ri kund\u00ebr dezinformimit n\u00eb Ballkan p\u00ebr demaskimin e lajmeve t\u00eb rreme. Q\u00ebllimi i k\u00ebtij rrjeti \u00ebsht\u00eb [&hellip;]","og_url":"https:\/\/internewskosova.org\/sq_al\/internews-kosova-i-bashkohet-rrjetit-kunder-dezinformimit-te-ballkanit\/","og_site_name":"Internews Kosova","article_published_time":"2020-04-05T21:26:56+00:00","og_image":[{"width":1200,"height":630,"url":"https:\/\/internewskosova.org\/wp-content\/uploads\/2020\/04\/iks-news-.png","type":"image\/png"}],"author":"internewskosova","twitter_card":"summary_large_image","twitter_misc":{"Written by":"internewskosova","Est. reading time":"1 minute"},"schema":{"@context":"https:\/\/schema.org","@graph":[{"@type":"WebPage","@id":"https:\/\/internewskosova.org\/internews-kosova-i-bashkohet-rrjetit-kunder-dezinformimit-te-ballkanit\/","url":"https:\/\/internewskosova.org\/internews-kosova-i-bashkohet-rrjetit-kunder-dezinformimit-te-ballkanit\/","name":"Internews Kosova i bashkohet Rrjetit Kund\u00ebr Dezinformimit t\u00eb Ballkanit","isPartOf":{"@id":"https:\/\/internewskosova.org\/#website"},"primaryImageOfPage":{"@id":"https:\/\/internewskosova.org\/internews-kosova-i-bashkohet-rrjetit-kunder-dezinformimit-te-ballkanit\/#primaryimage"},"image":{"@id":"https:\/\/internewskosova.org\/internews-kosova-i-bashkohet-rrjetit-kunder-dezinformimit-te-ballkanit\/#primaryimage"},"thumbnailUrl":"https:\/\/internewskosova.org\/wp-content\/uploads\/2020\/04\/iks-news-.png","datePublished":"2020-04-05T21:26:56+00:00","author":{"@id":"https:\/\/internewskosova.org\/#\/schema\/person\/df061921b05fb4846fa727287c760e13"},"breadcrumb":{"@id":"https:\/\/internewskosova.org\/internews-kosova-i-bashkohet-rrjetit-kunder-dezinformimit-te-ballkanit\/#breadcrumb"},"inLanguage":"sq-AL","potentialAction":[{"@type":"ReadAction","target":["https:\/\/internewskosova.org\/internews-kosova-i-bashkohet-rrjetit-kunder-dezinformimit-te-ballkanit\/"]}]},{"@type":"ImageObject","inLanguage":"sq-AL","@id":"https:\/\/internewskosova.org\/internews-kosova-i-bashkohet-rrjetit-kunder-dezinformimit-te-ballkanit\/#primaryimage","url":"https:\/\/internewskosova.org\/wp-content\/uploads\/2020\/04\/iks-news-.png","contentUrl":"https:\/\/internewskosova.org\/wp-content\/uploads\/2020\/04\/iks-news-.png","width":1200,"height":630},{"@type":"BreadcrumbList","@id":"https:\/\/internewskosova.org\/internews-kosova-i-bashkohet-rrjetit-kunder-dezinformimit-te-ballkanit\/#breadcrumb","itemListElement":[{"@type":"ListItem","position":1,"name":"Home","item":"https:\/\/internewskosova.org\/"},{"@type":"ListItem","position":2,"name":"Internews Kosova i bashkohet Rrjetit Kund\u00ebr Dezinformimit t\u00eb Ballkanit"}]},{"@type":"WebSite","@id":"https:\/\/internewskosova.org\/#website","url":"https:\/\/internewskosova.org\/","name":"Internews Kosova","description":"","potentialAction":[{"@type":"SearchAction","target":{"@type":"EntryPoint","urlTemplate":"https:\/\/internewskosova.org\/?s={search_term_string}"},"query-input":{"@type":"PropertyValueSpecification","valueRequired":true,"valueName":"search_term_string"}}],"inLanguage":"sq-AL"},{"@type":"Person","@id":"https:\/\/internewskosova.org\/#\/schema\/person\/df061921b05fb4846fa727287c760e13","name":"internewskosova","image":{"@type":"ImageObject","inLanguage":"sq-AL","@id":"https:\/\/internewskosova.org\/#\/schema\/person\/image\/","url":"https:\/\/secure.gravatar.com\/avatar\/42b3f84333815029cec0ac9d3a126330?s=96&d=mm&r=g","contentUrl":"https:\/\/secure.gravatar.com\/avatar\/42b3f84333815029cec0ac9d3a126330?s=96&d=mm&r=g","caption":"internewskosova"},"url":"https:\/\/internewskosova.org\/sq_al\/author\/internewskosova\/"}]}},"_links":{"self":[{"href":"https:\/\/internewskosova.org\/sq_al\/wp-json\/wp\/v2\/posts\/2005","targetHints":{"allow":["GET"]}}],"collection":[{"href":"https:\/\/internewskosova.org\/sq_al\/wp-json\/wp\/v2\/posts"}],"about":[{"href":"https:\/\/internewskosova.org\/sq_al\/wp-json\/wp\/v2\/types\/post"}],"author":[{"embeddable":true,"href":"https:\/\/internewskosova.org\/sq_al\/wp-json\/wp\/v2\/users\/1"}],"replies":[{"embeddable":true,"href":"https:\/\/internewskosova.org\/sq_al\/wp-json\/wp\/v2\/comments?post=2005"}],"version-history":[{"count":1,"href":"https:\/\/internewskosova.org\/sq_al\/wp-json\/wp\/v2\/posts\/2005\/revisions"}],"predecessor-version":[{"id":2007,"href":"https:\/\/internewskosova.org\/sq_al\/wp-json\/wp\/v2\/posts\/2005\/revisions\/2007"}],"wp:featuredmedia":[{"embeddable":true,"href":"https:\/\/internewskosova.org\/sq_al\/wp-json\/wp\/v2\/media\/2006"}],"wp:attachment":[{"href":"https:\/\/internewskosova.org\/sq_al\/wp-json\/wp\/v2\/media?parent=2005"}],"wp:term":[{"taxonomy":"category","embeddable":true,"href":"https:\/\/internewskosova.org\/sq_al\/wp-json\/wp\/v2\/categories?post=2005"},{"taxonomy":"post_tag","embeddable":true,"href":"https:\/\/internewskosova.org\/sq_al\/wp-json\/wp\/v2\/tags?post=2005"}],"curies":[{"name":"wp","href":"https:\/\/api.w.org\/{rel}","templated":true}]}}