{"id":2347,"date":"2023-09-22T14:07:27","date_gmt":"2023-09-22T14:07:27","guid":{"rendered":"https:\/\/internewskosova.org\/?p=2347"},"modified":"2023-09-22T14:07:27","modified_gmt":"2023-09-22T14:07:27","slug":"gazetari-i-kallxo-com-kreshnik-gashi-fiton-cmimin-e-pare-te-be-se-per-gazetari-hulumtuese","status":"publish","type":"post","link":"https:\/\/internewskosova.org\/sq_al\/gazetari-i-kallxo-com-kreshnik-gashi-fiton-cmimin-e-pare-te-be-se-per-gazetari-hulumtuese\/","title":{"rendered":"Gazetari i KALLXO.com, Kreshnik Gashi, fiton \u00e7mimin e par\u00eb t\u00eb BE-s\u00eb p\u00ebr gazetari hulumtuese"},"content":{"rendered":"<p>Gazetari i KALLXO.com, Kreshnik Gashi, ka fituar \u00e7mimin e par\u00eb t\u00eb Bashkimit Europian (BE) p\u00ebr gazetari hulumtuese p\u00ebr vitin 2023 p\u00ebr Kosov\u00eb.<\/p>\n<p>Ky \u00e7mim u nda sot n\u00eb Prishtin\u00eb n\u00eb nj\u00eb ceremoni t\u00eb organizuar nga Bashkimi Europian.<\/p>\n<p>Kurse, Dafina Halili nga \u201cKosovo 2.0\u201d ka fituar \u00e7mimin e dyt\u00eb, e Saranda Ramaj nga \u201cKoha Ditore\u201d ka fituar \u00e7mimin e tret\u00eb.<br \/>\n<img loading=\"lazy\" decoding=\"async\" class=\"alignnone wp-image-2348 size-full\" src=\"http:\/\/internewskosova.org\/wp-content\/uploads\/2023\/09\/cmimet-per-gazetari-hulumtuese-2023.jpg\" alt=\"\" width=\"1600\" height=\"1200\" srcset=\"https:\/\/internewskosova.org\/wp-content\/uploads\/2023\/09\/cmimet-per-gazetari-hulumtuese-2023.jpg 1600w, https:\/\/internewskosova.org\/wp-content\/uploads\/2023\/09\/cmimet-per-gazetari-hulumtuese-2023-300x225.jpg 300w, https:\/\/internewskosova.org\/wp-content\/uploads\/2023\/09\/cmimet-per-gazetari-hulumtuese-2023-1024x768.jpg 1024w, https:\/\/internewskosova.org\/wp-content\/uploads\/2023\/09\/cmimet-per-gazetari-hulumtuese-2023-768x576.jpg 768w, https:\/\/internewskosova.org\/wp-content\/uploads\/2023\/09\/cmimet-per-gazetari-hulumtuese-2023-1536x1152.jpg 1536w, https:\/\/internewskosova.org\/wp-content\/uploads\/2023\/09\/cmimet-per-gazetari-hulumtuese-2023-16x12.jpg 16w, https:\/\/internewskosova.org\/wp-content\/uploads\/2023\/09\/cmimet-per-gazetari-hulumtuese-2023-600x450.jpg 600w\" sizes=\"auto, (max-width: 1600px) 100vw, 1600px\" \/><\/p>\n<p>\u00c7mimi iu nda gazetarit Kreshnik Gashi p\u00ebr nj\u00eb seri hulumtimesh t\u00eb publikuara n\u00eb emisionin \u201cKallxo P\u00ebrnime\u201d, me titull: \u201cBlerja e Kryeprokurorit\u201d.<\/p>\n<p>KALLXO.com n\u00eb n\u00ebntor t\u00eb vitit 2022 ka publikuar nj\u00eb hulumtim dyvje\u00e7ar q\u00eb ka zbardhur nj\u00eb afer\u00eb n\u00eb t\u00eb cil\u00ebn dyshohet se u dhan\u00eb 150 mij\u00eb euro p\u00ebr t\u00eb ndikuar n\u00eb kryerjen e disa l\u00ebnd\u00ebve n\u00eb gjykatat e Kosov\u00ebs.<\/p>\n<p>Incizimet pasqyrojn\u00eb p\u00ebrfshirjen e ish-kryeprokurorit t\u00eb Apelit, Haxhi D\u00ebrguti, n\u00eb nj\u00eb afer\u00eb korruptive.<\/p>\n<p>T\u00eb gjitha incizimet jan\u00eb b\u00ebr\u00eb n\u00eb vende publike dhe p\u00ebrb\u00ebjn\u00eb \u00e7\u00ebshtje t\u00eb interesit t\u00eb lart\u00eb publik.<\/p>\n<p><iframe loading=\"lazy\" title=\"Emisioni #KallxoPernime Blerja e Kryeprokurorit 24.10.2022\" width=\"640\" height=\"360\" src=\"https:\/\/www.youtube.com\/embed\/ZtlmvBJdVv8?feature=oembed\" frameborder=\"0\" allow=\"accelerometer; autoplay; clipboard-write; encrypted-media; gyroscope; picture-in-picture; web-share\" referrerpolicy=\"strict-origin-when-cross-origin\" allowfullscreen><\/iframe><\/p>\n<p>P\u00ebr dy dit\u00eb radhazi jan\u00eb shfaqur pjes\u00eb t\u00eb hulumtimit t\u00eb nj\u00eb rasti t\u00eb dyshuar t\u00eb korrupsionit, n\u00eb t\u00eb cilin pretendohet se u p\u00ebrfshin\u00eb njer\u00ebz t\u00eb sistemit t\u00eb drejt\u00ebsis\u00eb, t\u00eb politik\u00ebs dhe biznesmen\u00eb.<\/p>\n<p>Biznesmeni Sali Dakaj ka pretenduar se p\u00ebrmes dy personave ia ka dh\u00ebn\u00eb 150 mij\u00eb euro ish-kryeprokurorit t\u00eb Apelit, Haxhi D\u00ebrgutit, p\u00ebr t\u00eb ndikuar q\u00eb nj\u00eb l\u00ebnd\u00eb gjyq\u00ebsore p\u00ebr nj\u00eb borxh n\u00eb vler\u00eb 3.5 milion\u00eb euro t\u00eb kthehet n\u00eb favor t\u00eb tij.<\/p>\n<p>P\u00ebr emisionin \u201cKallxo P\u00ebrnime\u201d, Dakaj ka rr\u00ebfyer se si dy persona, biznesmeni Hasan Morina dhe zyrtari i Vet\u00ebvendosjes (tashm\u00eb i pezulluar nga an\u00ebtar\u00ebsia e partis\u00eb), Liridon Fandaj, e kishin takuar dhe i kishin th\u00ebn\u00eb se e kan\u00eb njeriun e tyre q\u00eb mund ta kthej\u00eb l\u00ebnd\u00ebn n\u00eb favorin e tij porse p\u00ebr k\u00ebt\u00eb duhej t\u2019i jepeshin 150 mij\u00eb euro.<\/p>\n<p><iframe loading=\"lazy\" title=\"Emisioni #KallxoPernime Blerja e Kryeprokurorit 2 25.10.2022\" width=\"640\" height=\"360\" src=\"https:\/\/www.youtube.com\/embed\/6HtQ3x7_J3M?feature=oembed\" frameborder=\"0\" allow=\"accelerometer; autoplay; clipboard-write; encrypted-media; gyroscope; picture-in-picture; web-share\" referrerpolicy=\"strict-origin-when-cross-origin\" allowfullscreen><\/iframe><\/p>\n<p>Dakaj ka treguar se u kishte besuar dhe kishte marr\u00eb parat\u00eb borxh p\u00ebr t\u2019ia dh\u00ebn\u00eb Haxhi D\u00ebrgutit, at\u00ebher\u00eb kryeprokuror i Apelit.<\/p>\n<p>Meq\u00eb l\u00ebnda nuk kishte p\u00ebrfunduar n\u00eb favor t\u00eb tij, Dakaj kishte filluar t\u00eb k\u00ebrkonte parat\u00eb q\u00eb i kishte dh\u00ebn\u00eb.<\/p>\n<div class=\"revive_zone__holder revive_zone--desktop_visible\">\n<div class=\"revive_zone revive_zone--desktop_visible\"><\/div>\n<\/div>\n<p>P\u00ebr k\u00ebt\u00eb ai kishte takuar Hasan Morin\u00ebn dhe Liridon Fandajn, e mandej edhe vet\u00eb ish-kryeprokurorin D\u00ebrguti.<\/p>\n<p>Ky i fundit, sipas nj\u00eb video-incizimi, e k\u00ebshillon Dakajn q\u00eb t\u2019i rrij\u00eb gati l\u00ebnd\u00ebs n\u00eb gjyq, t\u00eb gjej\u00eb njer\u00ebz e t\u00eb jap\u00eb para, p\u00ebrndryshe l\u00ebnda nuk kryhet n\u00eb favor t\u00eb tij.<\/p>\n<p>\u201cRriji gati k\u00ebtij procesi, gjej njer\u00ebz, jep pare, se p\u00ebrndryshe kjo pun\u00eb ndryshe nuk kryhet\u201d \u2013 kishte porositur Haxhi D\u00ebrguti biznesmenin Sali Dakaj.<\/p>\n<p>Disa dit\u00eb pas publikimit t\u00eb hulumtimit t\u00eb KALLXO.com, D\u00ebrguti \u00ebsht\u00eb intervistuar nga Policia.<\/p>\n<div class=\"revive_zone__holder revive_zone--desktop_visible\">\n<div class=\"revive_zone revive_zone--desktop_visible\"><\/div>\n<\/div>\n<p><a href=\"https:\/\/kallxo.com\/lajm\/u-d-kryeprokurori-i-shtetit-pas-hulumtimit-te-kallxo-pernime-per-korrupsionin-ne-drejtesi-prokuroria-do-te-veproje\/\">Ushtruesi i detyr\u00ebs s\u00eb Kryeprokurorit t\u00eb Shtetit, Besim Kelmendi, ka premtuar\u00a0<\/a>se Prokuroria do t\u00eb veproj\u00eb pas hulumtimit t\u00eb emisionit \u201cKallxo P\u00ebrnime\u201d, i cili zbardhi nj\u00eb af\u00ebr\u00eb t\u00eb madhe korrupsioni n\u00eb sistemin e drejt\u00ebsis\u00eb n\u00eb Kosov\u00eb.<\/p>\n<p><a href=\"https:\/\/kallxo.com\/lajm\/hulumtimi-i-kallxo-com-prokuroria-speciale-paralajmeron-veprime-hetimore\/\">Prokuroria<\/a>\u00a0Speciale ka paralajm\u00ebruar se do t\u00eb marr\u00eb t\u00eb gjitha veprimet e nevojshme hetimore n\u00eb p\u00ebrputhje me kompetencat ligjore dhe kushtetuese t\u00eb saj, p\u00ebr t\u00eb gjith\u00eb personat e p\u00ebrfshir\u00eb n\u00eb k\u00ebt\u00eb rast.<\/p>","protected":false},"excerpt":{"rendered":"<p>Gazetari i KALLXO.com, Kreshnik Gashi, ka fituar \u00e7mimin e par\u00eb t\u00eb Bashkimit Europian (BE) p\u00ebr gazetari hulumtuese p\u00ebr vitin 2023 p\u00ebr Kosov\u00eb. Ky \u00e7mim u nda sot n\u00eb Prishtin\u00eb n\u00eb nj\u00eb ceremoni t\u00eb organizuar nga Bashkimi Europian. Kurse, Dafina Halili nga \u201cKosovo 2.0\u201d ka fituar \u00e7mimin e dyt\u00eb, e Saranda Ramaj nga \u201cKoha Ditore\u201d ka [&hellip;]<\/p>","protected":false},"author":1,"featured_media":2348,"comment_status":"closed","ping_status":"closed","sticky":false,"template":"","format":"standard","meta":{"_FSMCFIC_featured_image_caption":"","_FSMCFIC_featured_image_nocaption":"","_FSMCFIC_featured_image_hide":"","footnotes":""},"categories":[18],"tags":[],"class_list":["post-2347","post","type-post","status-publish","format-standard","has-post-thumbnail","hentry","category-lajmet"],"yoast_head":"<!-- This site is optimized with the Yoast SEO plugin v24.9 - https:\/\/yoast.com\/wordpress\/plugins\/seo\/ -->\n<title>Gazetari i KALLXO.com, Kreshnik Gashi, fiton \u00e7mimin e par\u00eb t\u00eb BE-s\u00eb p\u00ebr gazetari hulumtuese<\/title>\n<meta name=\"robots\" content=\"index, follow, max-snippet:-1, max-image-preview:large, max-video-preview:-1\" \/>\n<link rel=\"canonical\" href=\"https:\/\/internewskosova.org\/sq_al\/gazetari-i-kallxo-com-kreshnik-gashi-fiton-cmimin-e-pare-te-be-se-per-gazetari-hulumtuese\/\" \/>\n<meta property=\"og:locale\" content=\"sq_AL\" \/>\n<meta property=\"og:type\" content=\"article\" \/>\n<meta property=\"og:title\" content=\"Gazetari i KALLXO.com, Kreshnik Gashi, fiton \u00e7mimin e par\u00eb t\u00eb BE-s\u00eb p\u00ebr gazetari hulumtuese\" \/>\n<meta property=\"og:description\" content=\"Gazetari i KALLXO.com, Kreshnik Gashi, ka fituar \u00e7mimin e par\u00eb t\u00eb Bashkimit Europian (BE) p\u00ebr gazetari hulumtuese p\u00ebr vitin 2023 p\u00ebr Kosov\u00eb. Ky \u00e7mim u nda sot n\u00eb Prishtin\u00eb n\u00eb nj\u00eb ceremoni t\u00eb organizuar nga Bashkimi Europian. Kurse, Dafina Halili nga \u201cKosovo 2.0\u201d ka fituar \u00e7mimin e dyt\u00eb, e Saranda Ramaj nga \u201cKoha Ditore\u201d ka [&hellip;]\" \/>\n<meta property=\"og:url\" content=\"https:\/\/internewskosova.org\/sq_al\/gazetari-i-kallxo-com-kreshnik-gashi-fiton-cmimin-e-pare-te-be-se-per-gazetari-hulumtuese\/\" \/>\n<meta property=\"og:site_name\" content=\"Internews Kosova\" \/>\n<meta property=\"article:published_time\" content=\"2023-09-22T14:07:27+00:00\" \/>\n<meta property=\"og:image\" content=\"http:\/\/internewskosova.org\/wp-content\/uploads\/2023\/09\/cmimet-per-gazetari-hulumtuese-2023.jpg\" \/>\n\t<meta property=\"og:image:width\" content=\"1600\" \/>\n\t<meta property=\"og:image:height\" content=\"1200\" \/>\n\t<meta property=\"og:image:type\" content=\"image\/jpeg\" \/>\n<meta name=\"author\" content=\"internewskosova\" \/>\n<meta name=\"twitter:card\" content=\"summary_large_image\" \/>\n<meta name=\"twitter:label1\" content=\"Written by\" \/>\n\t<meta name=\"twitter:data1\" content=\"internewskosova\" \/>\n\t<meta name=\"twitter:label2\" content=\"Est. reading time\" \/>\n\t<meta name=\"twitter:data2\" content=\"3 minutes\" \/>\n<script type=\"application\/ld+json\" class=\"yoast-schema-graph\">{\"@context\":\"https:\/\/schema.org\",\"@graph\":[{\"@type\":\"WebPage\",\"@id\":\"https:\/\/internewskosova.org\/gazetari-i-kallxo-com-kreshnik-gashi-fiton-cmimin-e-pare-te-be-se-per-gazetari-hulumtuese\/\",\"url\":\"https:\/\/internewskosova.org\/gazetari-i-kallxo-com-kreshnik-gashi-fiton-cmimin-e-pare-te-be-se-per-gazetari-hulumtuese\/\",\"name\":\"Gazetari i KALLXO.com, Kreshnik Gashi, fiton \u00e7mimin e par\u00eb t\u00eb BE-s\u00eb p\u00ebr gazetari hulumtuese\",\"isPartOf\":{\"@id\":\"https:\/\/internewskosova.org\/#website\"},\"primaryImageOfPage\":{\"@id\":\"https:\/\/internewskosova.org\/gazetari-i-kallxo-com-kreshnik-gashi-fiton-cmimin-e-pare-te-be-se-per-gazetari-hulumtuese\/#primaryimage\"},\"image\":{\"@id\":\"https:\/\/internewskosova.org\/gazetari-i-kallxo-com-kreshnik-gashi-fiton-cmimin-e-pare-te-be-se-per-gazetari-hulumtuese\/#primaryimage\"},\"thumbnailUrl\":\"https:\/\/internewskosova.org\/wp-content\/uploads\/2023\/09\/cmimet-per-gazetari-hulumtuese-2023.jpg\",\"datePublished\":\"2023-09-22T14:07:27+00:00\",\"author\":{\"@id\":\"https:\/\/internewskosova.org\/#\/schema\/person\/df061921b05fb4846fa727287c760e13\"},\"breadcrumb\":{\"@id\":\"https:\/\/internewskosova.org\/gazetari-i-kallxo-com-kreshnik-gashi-fiton-cmimin-e-pare-te-be-se-per-gazetari-hulumtuese\/#breadcrumb\"},\"inLanguage\":\"sq-AL\",\"potentialAction\":[{\"@type\":\"ReadAction\",\"target\":[\"https:\/\/internewskosova.org\/gazetari-i-kallxo-com-kreshnik-gashi-fiton-cmimin-e-pare-te-be-se-per-gazetari-hulumtuese\/\"]}]},{\"@type\":\"ImageObject\",\"inLanguage\":\"sq-AL\",\"@id\":\"https:\/\/internewskosova.org\/gazetari-i-kallxo-com-kreshnik-gashi-fiton-cmimin-e-pare-te-be-se-per-gazetari-hulumtuese\/#primaryimage\",\"url\":\"https:\/\/internewskosova.org\/wp-content\/uploads\/2023\/09\/cmimet-per-gazetari-hulumtuese-2023.jpg\",\"contentUrl\":\"https:\/\/internewskosova.org\/wp-content\/uploads\/2023\/09\/cmimet-per-gazetari-hulumtuese-2023.jpg\",\"width\":1600,\"height\":1200},{\"@type\":\"BreadcrumbList\",\"@id\":\"https:\/\/internewskosova.org\/gazetari-i-kallxo-com-kreshnik-gashi-fiton-cmimin-e-pare-te-be-se-per-gazetari-hulumtuese\/#breadcrumb\",\"itemListElement\":[{\"@type\":\"ListItem\",\"position\":1,\"name\":\"Home\",\"item\":\"https:\/\/internewskosova.org\/\"},{\"@type\":\"ListItem\",\"position\":2,\"name\":\"Gazetari i KALLXO.com, Kreshnik Gashi, fiton \u00e7mimin e par\u00eb t\u00eb BE-s\u00eb p\u00ebr gazetari hulumtuese\"}]},{\"@type\":\"WebSite\",\"@id\":\"https:\/\/internewskosova.org\/#website\",\"url\":\"https:\/\/internewskosova.org\/\",\"name\":\"Internews Kosova\",\"description\":\"\",\"potentialAction\":[{\"@type\":\"SearchAction\",\"target\":{\"@type\":\"EntryPoint\",\"urlTemplate\":\"https:\/\/internewskosova.org\/?s={search_term_string}\"},\"query-input\":{\"@type\":\"PropertyValueSpecification\",\"valueRequired\":true,\"valueName\":\"search_term_string\"}}],\"inLanguage\":\"sq-AL\"},{\"@type\":\"Person\",\"@id\":\"https:\/\/internewskosova.org\/#\/schema\/person\/df061921b05fb4846fa727287c760e13\",\"name\":\"internewskosova\",\"image\":{\"@type\":\"ImageObject\",\"inLanguage\":\"sq-AL\",\"@id\":\"https:\/\/internewskosova.org\/#\/schema\/person\/image\/\",\"url\":\"https:\/\/secure.gravatar.com\/avatar\/42b3f84333815029cec0ac9d3a126330?s=96&d=mm&r=g\",\"contentUrl\":\"https:\/\/secure.gravatar.com\/avatar\/42b3f84333815029cec0ac9d3a126330?s=96&d=mm&r=g\",\"caption\":\"internewskosova\"},\"url\":\"https:\/\/internewskosova.org\/sq_al\/author\/internewskosova\/\"}]}<\/script>\n<!-- \/ Yoast SEO plugin. -->","yoast_head_json":{"title":"Gazetari i KALLXO.com, Kreshnik Gashi, fiton \u00e7mimin e par\u00eb t\u00eb BE-s\u00eb p\u00ebr gazetari hulumtuese","robots":{"index":"index","follow":"follow","max-snippet":"max-snippet:-1","max-image-preview":"max-image-preview:large","max-video-preview":"max-video-preview:-1"},"canonical":"https:\/\/internewskosova.org\/sq_al\/gazetari-i-kallxo-com-kreshnik-gashi-fiton-cmimin-e-pare-te-be-se-per-gazetari-hulumtuese\/","og_locale":"sq_AL","og_type":"article","og_title":"Gazetari i KALLXO.com, Kreshnik Gashi, fiton \u00e7mimin e par\u00eb t\u00eb BE-s\u00eb p\u00ebr gazetari hulumtuese","og_description":"Gazetari i KALLXO.com, Kreshnik Gashi, ka fituar \u00e7mimin e par\u00eb t\u00eb Bashkimit Europian (BE) p\u00ebr gazetari hulumtuese p\u00ebr vitin 2023 p\u00ebr Kosov\u00eb. Ky \u00e7mim u nda sot n\u00eb Prishtin\u00eb n\u00eb nj\u00eb ceremoni t\u00eb organizuar nga Bashkimi Europian. Kurse, Dafina Halili nga \u201cKosovo 2.0\u201d ka fituar \u00e7mimin e dyt\u00eb, e Saranda Ramaj nga \u201cKoha Ditore\u201d ka [&hellip;]","og_url":"https:\/\/internewskosova.org\/sq_al\/gazetari-i-kallxo-com-kreshnik-gashi-fiton-cmimin-e-pare-te-be-se-per-gazetari-hulumtuese\/","og_site_name":"Internews Kosova","article_published_time":"2023-09-22T14:07:27+00:00","og_image":[{"width":1600,"height":1200,"url":"http:\/\/internewskosova.org\/wp-content\/uploads\/2023\/09\/cmimet-per-gazetari-hulumtuese-2023.jpg","type":"image\/jpeg"}],"author":"internewskosova","twitter_card":"summary_large_image","twitter_misc":{"Written by":"internewskosova","Est. reading time":"3 minutes"},"schema":{"@context":"https:\/\/schema.org","@graph":[{"@type":"WebPage","@id":"https:\/\/internewskosova.org\/gazetari-i-kallxo-com-kreshnik-gashi-fiton-cmimin-e-pare-te-be-se-per-gazetari-hulumtuese\/","url":"https:\/\/internewskosova.org\/gazetari-i-kallxo-com-kreshnik-gashi-fiton-cmimin-e-pare-te-be-se-per-gazetari-hulumtuese\/","name":"Gazetari i KALLXO.com, Kreshnik Gashi, fiton \u00e7mimin e par\u00eb t\u00eb BE-s\u00eb p\u00ebr gazetari hulumtuese","isPartOf":{"@id":"https:\/\/internewskosova.org\/#website"},"primaryImageOfPage":{"@id":"https:\/\/internewskosova.org\/gazetari-i-kallxo-com-kreshnik-gashi-fiton-cmimin-e-pare-te-be-se-per-gazetari-hulumtuese\/#primaryimage"},"image":{"@id":"https:\/\/internewskosova.org\/gazetari-i-kallxo-com-kreshnik-gashi-fiton-cmimin-e-pare-te-be-se-per-gazetari-hulumtuese\/#primaryimage"},"thumbnailUrl":"https:\/\/internewskosova.org\/wp-content\/uploads\/2023\/09\/cmimet-per-gazetari-hulumtuese-2023.jpg","datePublished":"2023-09-22T14:07:27+00:00","author":{"@id":"https:\/\/internewskosova.org\/#\/schema\/person\/df061921b05fb4846fa727287c760e13"},"breadcrumb":{"@id":"https:\/\/internewskosova.org\/gazetari-i-kallxo-com-kreshnik-gashi-fiton-cmimin-e-pare-te-be-se-per-gazetari-hulumtuese\/#breadcrumb"},"inLanguage":"sq-AL","potentialAction":[{"@type":"ReadAction","target":["https:\/\/internewskosova.org\/gazetari-i-kallxo-com-kreshnik-gashi-fiton-cmimin-e-pare-te-be-se-per-gazetari-hulumtuese\/"]}]},{"@type":"ImageObject","inLanguage":"sq-AL","@id":"https:\/\/internewskosova.org\/gazetari-i-kallxo-com-kreshnik-gashi-fiton-cmimin-e-pare-te-be-se-per-gazetari-hulumtuese\/#primaryimage","url":"https:\/\/internewskosova.org\/wp-content\/uploads\/2023\/09\/cmimet-per-gazetari-hulumtuese-2023.jpg","contentUrl":"https:\/\/internewskosova.org\/wp-content\/uploads\/2023\/09\/cmimet-per-gazetari-hulumtuese-2023.jpg","width":1600,"height":1200},{"@type":"BreadcrumbList","@id":"https:\/\/internewskosova.org\/gazetari-i-kallxo-com-kreshnik-gashi-fiton-cmimin-e-pare-te-be-se-per-gazetari-hulumtuese\/#breadcrumb","itemListElement":[{"@type":"ListItem","position":1,"name":"Home","item":"https:\/\/internewskosova.org\/"},{"@type":"ListItem","position":2,"name":"Gazetari i KALLXO.com, Kreshnik Gashi, fiton \u00e7mimin e par\u00eb t\u00eb BE-s\u00eb p\u00ebr gazetari hulumtuese"}]},{"@type":"WebSite","@id":"https:\/\/internewskosova.org\/#website","url":"https:\/\/internewskosova.org\/","name":"Internews Kosova","description":"","potentialAction":[{"@type":"SearchAction","target":{"@type":"EntryPoint","urlTemplate":"https:\/\/internewskosova.org\/?s={search_term_string}"},"query-input":{"@type":"PropertyValueSpecification","valueRequired":true,"valueName":"search_term_string"}}],"inLanguage":"sq-AL"},{"@type":"Person","@id":"https:\/\/internewskosova.org\/#\/schema\/person\/df061921b05fb4846fa727287c760e13","name":"internewskosova","image":{"@type":"ImageObject","inLanguage":"sq-AL","@id":"https:\/\/internewskosova.org\/#\/schema\/person\/image\/","url":"https:\/\/secure.gravatar.com\/avatar\/42b3f84333815029cec0ac9d3a126330?s=96&d=mm&r=g","contentUrl":"https:\/\/secure.gravatar.com\/avatar\/42b3f84333815029cec0ac9d3a126330?s=96&d=mm&r=g","caption":"internewskosova"},"url":"https:\/\/internewskosova.org\/sq_al\/author\/internewskosova\/"}]}},"_links":{"self":[{"href":"https:\/\/internewskosova.org\/sq_al\/wp-json\/wp\/v2\/posts\/2347","targetHints":{"allow":["GET"]}}],"collection":[{"href":"https:\/\/internewskosova.org\/sq_al\/wp-json\/wp\/v2\/posts"}],"about":[{"href":"https:\/\/internewskosova.org\/sq_al\/wp-json\/wp\/v2\/types\/post"}],"author":[{"embeddable":true,"href":"https:\/\/internewskosova.org\/sq_al\/wp-json\/wp\/v2\/users\/1"}],"replies":[{"embeddable":true,"href":"https:\/\/internewskosova.org\/sq_al\/wp-json\/wp\/v2\/comments?post=2347"}],"version-history":[{"count":1,"href":"https:\/\/internewskosova.org\/sq_al\/wp-json\/wp\/v2\/posts\/2347\/revisions"}],"predecessor-version":[{"id":2349,"href":"https:\/\/internewskosova.org\/sq_al\/wp-json\/wp\/v2\/posts\/2347\/revisions\/2349"}],"wp:featuredmedia":[{"embeddable":true,"href":"https:\/\/internewskosova.org\/sq_al\/wp-json\/wp\/v2\/media\/2348"}],"wp:attachment":[{"href":"https:\/\/internewskosova.org\/sq_al\/wp-json\/wp\/v2\/media?parent=2347"}],"wp:term":[{"taxonomy":"category","embeddable":true,"href":"https:\/\/internewskosova.org\/sq_al\/wp-json\/wp\/v2\/categories?post=2347"},{"taxonomy":"post_tag","embeddable":true,"href":"https:\/\/internewskosova.org\/sq_al\/wp-json\/wp\/v2\/tags?post=2347"}],"curies":[{"name":"wp","href":"https:\/\/api.w.org\/{rel}","templated":true}]}}