{"id":2412,"date":"2024-03-26T12:26:17","date_gmt":"2024-03-26T12:26:17","guid":{"rendered":"https:\/\/internewskosova.org\/?p=2412"},"modified":"2024-03-26T12:30:53","modified_gmt":"2024-03-26T12:30:53","slug":"internews-kosova-mban-kampin-multietnik-kunder-dezinformimit","status":"publish","type":"post","link":"https:\/\/internewskosova.org\/sq_al\/internews-kosova-mban-kampin-multietnik-kunder-dezinformimit\/","title":{"rendered":"Internews Kosova mban Kampin multietnik kund\u00ebr dezinformimit"},"content":{"rendered":"<p>Internews Kosova organizoi kampin multietnik kund\u00ebr dezinformimit me gazetar\u00eb t\u00eb rinj dhe student\u00eb, n\u00eb Mitrovic\u00eb, m\u00eb 22-24 mars 2024.<\/p>\n<p>Kampi u mbajt n\u00eb kuad\u00ebr t\u00eb projektit \u2018\u2019Fuqizimi i integritetit t\u00eb mediave: Promovimi i Fact-Checking dhe luftimi i dezinformimit n\u00eb Kosov\u00eb\u2019\u2019, financuar nga Bashkimi Europian, CFI (Agjensioni p\u00ebr zhvillimin e medias), implementuar nga Internews Kosova. N\u00eb k\u00ebt\u00eb kamp mor\u00ebn pjes\u00eb gazetar\u00eb t\u00eb rinj dhe student\u00eb t\u00eb interesuar t\u00eb kuptojn\u00eb m\u00eb tep\u00ebr n\u00eb fush\u00ebn e dezinformimit dhe lajmeve t\u00eb rreme.<\/p>\n<p>Gjithsej 21 gazetar\u00eb t\u00eb rinj dhe student\u00eb mor\u00ebn pjes\u00eb n\u00eb k\u00ebt\u00eb kamp, nga t\u00eb cil\u00ebt 11 ishin gra. N\u00eb kuad\u00ebr t\u00eb k\u00ebtij kampi, p\u00ebrmes fol\u00ebsve t\u00eb ndrysh\u00ebm pjes\u00ebmarr\u00ebsit pat\u00ebn rastin t\u00eb m\u00ebsojn\u00eb m\u00eb tep\u00ebr lidhur me kontekstin historik t\u00eb dezinformat\u00ebs, metodologjit\u00eb e kontrollimit t\u00eb fakteve, identifikimin e dezinformatave, rregullat e \u201cCommunity Standards\u201d, mbrojtjen ligjore nga dezinformatat si dhe zhvillimi i programeve n\u00eb fact-check dhe mund\u00ebsit\u00eb e financimit t\u00eb tyre.<\/p>\n<p>\u201cNjoftimi i student\u00ebve dhe gazetar\u00ebve t\u00eb ri me konceptin e dezinformatave, format dhe m\u00ebnyr\u00ebn e identifikimit t\u00eb dezinformatave dhe n\u00eb ve\u00e7anti me mekanizmat rregullues dhe vet\u00ebrregullues q\u00eb luftojn\u00eb dezinformatat \u00ebsht\u00eb proces i domosdosh\u00ebm p\u00ebr zhvillimin e tyre profesional\u201d, tha Labinot Leposhtica, nj\u00eb ng atajner\u00ebt e k\u00ebtij kampi.<\/p>\n<p>\u201cN\u00eb k\u00ebt\u00eb drejtim pjes\u00ebmarr\u00ebsit arrit\u00ebn t\u00eb kuptojn\u00eb r\u00ebnd\u00ebsin\u00eb e luftimit t\u00eb k\u00ebsaj dukurie dhe treguan p\u00ebrkushtim n\u00eb p\u00ebrvetimin e njohurive q\u00eb shpalos\u00ebm p\u00ebr ta\u201d, shtoi ai.<\/p>\n<p>Denis Hajrullahu, nj\u00eb student nga Universiteti i Prishtin\u00ebs, tha se kampi i ka ndihmuar atij p\u00ebr t\u2019i kuptuar dhe identifikuar m\u00eb mir\u00eb dezinformatat.<\/p>\n<p>\u201cUn\u00eb si i ri, por edhe pjes\u00ebmarr\u00ebsit tjer\u00eb, kam marr\u00eb njohuri t\u00eb reja p\u00ebr dezinformimin dhe lajmet e rreme p\u00ebr shkak se ne marrim shum\u00eb lajme t\u00eb rreme gjat\u00eb dit\u00ebs. Ky kamp na ka ndihmuar n\u00eb aft\u00ebsimin ton\u00eb profesional p\u00ebr t\u2019i identifikuar lajmet e v\u00ebrteta dhe ato t\u00eb rreme\u201d, tha Hajrullahu.<\/p>\n<p>Gjat\u00eb\u00a0 kampit, t\u00eb rinjt\u00eb duke punuar n\u00eb grupe zhvilluan propozime p\u00ebr projektet t\u00eb mundshme n\u00eb fush\u00ebn e dezinformimit dhe fact-checking. P\u00ebrve\u00e7 k\u00ebsaj, ata parashtruan ide t\u00eb cilat ekipi i Internews Kosova do t\u2019i marr\u00eb parasysh p\u00ebr t\u00eb rritur edhe m\u00eb shum\u00eb p\u00ebrfshirjen e t\u00eb rinj\u00ebve n\u00eb gazetari hulumtuese.<\/p>\n<p>N\u00eb muajt n\u00eb vijim, Internews Kosova do t\u00eb realizoj\u00eb s\u00ebrish aktivitete t\u00eb ngjashme n\u00eb m\u00ebnyr\u00eb q\u00eb gazetar\u00ebve t\u00eb rinj dhe student\u00ebve t\u00eb ju ofrohen mund\u00ebsi t\u00eb rritjes s\u00eb profesionalizmit t\u00eb tyre.<\/p>\n<p><img loading=\"lazy\" decoding=\"async\" class=\"alignnone wp-image-2422 size-full\" src=\"http:\/\/internewskosova.org\/wp-content\/uploads\/2024\/03\/642A4869-min-1-scaled.jpg\" alt=\"\" width=\"2560\" height=\"1707\" srcset=\"https:\/\/internewskosova.org\/wp-content\/uploads\/2024\/03\/642A4869-min-1-scaled.jpg 2560w, https:\/\/internewskosova.org\/wp-content\/uploads\/2024\/03\/642A4869-min-1-300x200.jpg 300w, https:\/\/internewskosova.org\/wp-content\/uploads\/2024\/03\/642A4869-min-1-1024x683.jpg 1024w, https:\/\/internewskosova.org\/wp-content\/uploads\/2024\/03\/642A4869-min-1-768x512.jpg 768w\" sizes=\"auto, (max-width: 2560px) 100vw, 2560px\" \/><\/p>\n<p><img loading=\"lazy\" decoding=\"async\" class=\"alignnone wp-image-2421 size-full\" src=\"http:\/\/internewskosova.org\/wp-content\/uploads\/2024\/03\/642A4779-min-scaled.jpg\" alt=\"\" width=\"2560\" height=\"1707\" srcset=\"https:\/\/internewskosova.org\/wp-content\/uploads\/2024\/03\/642A4779-min-scaled.jpg 2560w, https:\/\/internewskosova.org\/wp-content\/uploads\/2024\/03\/642A4779-min-300x200.jpg 300w, https:\/\/internewskosova.org\/wp-content\/uploads\/2024\/03\/642A4779-min-1024x683.jpg 1024w, https:\/\/internewskosova.org\/wp-content\/uploads\/2024\/03\/642A4779-min-768x512.jpg 768w\" sizes=\"auto, (max-width: 2560px) 100vw, 2560px\" \/><\/p>\n<p><img loading=\"lazy\" decoding=\"async\" class=\"alignnone wp-image-2419 size-full\" src=\"http:\/\/internewskosova.org\/wp-content\/uploads\/2024\/03\/642A4793-min-scaled.jpg\" alt=\"\" width=\"2560\" height=\"1707\" srcset=\"https:\/\/internewskosova.org\/wp-content\/uploads\/2024\/03\/642A4793-min-scaled.jpg 2560w, https:\/\/internewskosova.org\/wp-content\/uploads\/2024\/03\/642A4793-min-300x200.jpg 300w, https:\/\/internewskosova.org\/wp-content\/uploads\/2024\/03\/642A4793-min-1024x683.jpg 1024w, https:\/\/internewskosova.org\/wp-content\/uploads\/2024\/03\/642A4793-min-768x512.jpg 768w\" sizes=\"auto, (max-width: 2560px) 100vw, 2560px\" \/><\/p>\n<p><img loading=\"lazy\" decoding=\"async\" class=\"alignnone wp-image-2418 size-full\" src=\"http:\/\/internewskosova.org\/wp-content\/uploads\/2024\/03\/642A4831-min-scaled.jpg\" alt=\"\" width=\"2560\" height=\"1707\" srcset=\"https:\/\/internewskosova.org\/wp-content\/uploads\/2024\/03\/642A4831-min-scaled.jpg 2560w, https:\/\/internewskosova.org\/wp-content\/uploads\/2024\/03\/642A4831-min-300x200.jpg 300w, https:\/\/internewskosova.org\/wp-content\/uploads\/2024\/03\/642A4831-min-1024x683.jpg 1024w, https:\/\/internewskosova.org\/wp-content\/uploads\/2024\/03\/642A4831-min-768x512.jpg 768w, https:\/\/internewskosova.org\/wp-content\/uploads\/2024\/03\/642A4831-min-1536x1024.jpg 1536w\" sizes=\"auto, (max-width: 2560px) 100vw, 2560px\" \/><\/p>","protected":false},"excerpt":{"rendered":"<p>Internews Kosova organizoi kampin multietnik kund\u00ebr dezinformimit me gazetar\u00eb t\u00eb rinj dhe student\u00eb, n\u00eb Mitrovic\u00eb, m\u00eb 22-24 mars 2024. Kampi u mbajt n\u00eb kuad\u00ebr t\u00eb projektit \u2018\u2019Fuqizimi i integritetit t\u00eb mediave: Promovimi i Fact-Checking dhe luftimi i dezinformimit n\u00eb Kosov\u00eb\u2019\u2019, financuar nga Bashkimi Europian, CFI (Agjensioni p\u00ebr zhvillimin e medias), implementuar nga Internews Kosova. N\u00eb [&hellip;]<\/p>","protected":false},"author":1,"featured_media":2420,"comment_status":"closed","ping_status":"closed","sticky":false,"template":"","format":"standard","meta":{"_FSMCFIC_featured_image_caption":"","_FSMCFIC_featured_image_nocaption":"","_FSMCFIC_featured_image_hide":"","footnotes":""},"categories":[18],"tags":[],"class_list":["post-2412","post","type-post","status-publish","format-standard","has-post-thumbnail","hentry","category-lajmet"],"yoast_head":"<!-- This site is optimized with the Yoast SEO plugin v24.9 - https:\/\/yoast.com\/wordpress\/plugins\/seo\/ -->\n<title>Internews Kosova mban Kampin multietnik kund\u00ebr dezinformimit<\/title>\n<meta name=\"robots\" content=\"index, follow, max-snippet:-1, max-image-preview:large, max-video-preview:-1\" \/>\n<link rel=\"canonical\" href=\"https:\/\/internewskosova.org\/sq_al\/internews-kosova-mban-kampin-multietnik-kunder-dezinformimit\/\" \/>\n<meta property=\"og:locale\" content=\"sq_AL\" \/>\n<meta property=\"og:type\" content=\"article\" \/>\n<meta property=\"og:title\" content=\"Internews Kosova mban Kampin multietnik kund\u00ebr dezinformimit\" \/>\n<meta property=\"og:description\" content=\"Internews Kosova organizoi kampin multietnik kund\u00ebr dezinformimit me gazetar\u00eb t\u00eb rinj dhe student\u00eb, n\u00eb Mitrovic\u00eb, m\u00eb 22-24 mars 2024. Kampi u mbajt n\u00eb kuad\u00ebr t\u00eb projektit \u2018\u2019Fuqizimi i integritetit t\u00eb mediave: Promovimi i Fact-Checking dhe luftimi i dezinformimit n\u00eb Kosov\u00eb\u2019\u2019, financuar nga Bashkimi Europian, CFI (Agjensioni p\u00ebr zhvillimin e medias), implementuar nga Internews Kosova. N\u00eb [&hellip;]\" \/>\n<meta property=\"og:url\" content=\"https:\/\/internewskosova.org\/sq_al\/internews-kosova-mban-kampin-multietnik-kunder-dezinformimit\/\" \/>\n<meta property=\"og:site_name\" content=\"Internews Kosova\" \/>\n<meta property=\"article:published_time\" content=\"2024-03-26T12:26:17+00:00\" \/>\n<meta property=\"article:modified_time\" content=\"2024-03-26T12:30:53+00:00\" \/>\n<meta property=\"og:image\" content=\"http:\/\/internewskosova.org\/wp-content\/uploads\/2024\/03\/642A4795-min-scaled.jpg\" \/>\n\t<meta property=\"og:image:width\" content=\"2560\" \/>\n\t<meta property=\"og:image:height\" content=\"1707\" \/>\n\t<meta property=\"og:image:type\" content=\"image\/jpeg\" \/>\n<meta name=\"author\" content=\"internewskosova\" \/>\n<meta name=\"twitter:card\" content=\"summary_large_image\" \/>\n<meta name=\"twitter:label1\" content=\"Written by\" \/>\n\t<meta name=\"twitter:data1\" content=\"internewskosova\" \/>\n\t<meta name=\"twitter:label2\" content=\"Est. reading time\" \/>\n\t<meta name=\"twitter:data2\" content=\"3 minutes\" \/>\n<script type=\"application\/ld+json\" class=\"yoast-schema-graph\">{\"@context\":\"https:\/\/schema.org\",\"@graph\":[{\"@type\":\"WebPage\",\"@id\":\"https:\/\/internewskosova.org\/internews-kosova-mban-kampin-multietnik-kunder-dezinformimit\/\",\"url\":\"https:\/\/internewskosova.org\/internews-kosova-mban-kampin-multietnik-kunder-dezinformimit\/\",\"name\":\"Internews Kosova mban Kampin multietnik kund\u00ebr dezinformimit\",\"isPartOf\":{\"@id\":\"https:\/\/internewskosova.org\/#website\"},\"primaryImageOfPage\":{\"@id\":\"https:\/\/internewskosova.org\/internews-kosova-mban-kampin-multietnik-kunder-dezinformimit\/#primaryimage\"},\"image\":{\"@id\":\"https:\/\/internewskosova.org\/internews-kosova-mban-kampin-multietnik-kunder-dezinformimit\/#primaryimage\"},\"thumbnailUrl\":\"https:\/\/internewskosova.org\/wp-content\/uploads\/2024\/03\/642A4795-min-scaled.jpg\",\"datePublished\":\"2024-03-26T12:26:17+00:00\",\"dateModified\":\"2024-03-26T12:30:53+00:00\",\"author\":{\"@id\":\"https:\/\/internewskosova.org\/#\/schema\/person\/df061921b05fb4846fa727287c760e13\"},\"breadcrumb\":{\"@id\":\"https:\/\/internewskosova.org\/internews-kosova-mban-kampin-multietnik-kunder-dezinformimit\/#breadcrumb\"},\"inLanguage\":\"sq-AL\",\"potentialAction\":[{\"@type\":\"ReadAction\",\"target\":[\"https:\/\/internewskosova.org\/internews-kosova-mban-kampin-multietnik-kunder-dezinformimit\/\"]}]},{\"@type\":\"ImageObject\",\"inLanguage\":\"sq-AL\",\"@id\":\"https:\/\/internewskosova.org\/internews-kosova-mban-kampin-multietnik-kunder-dezinformimit\/#primaryimage\",\"url\":\"https:\/\/internewskosova.org\/wp-content\/uploads\/2024\/03\/642A4795-min-scaled.jpg\",\"contentUrl\":\"https:\/\/internewskosova.org\/wp-content\/uploads\/2024\/03\/642A4795-min-scaled.jpg\",\"width\":2560,\"height\":1707},{\"@type\":\"BreadcrumbList\",\"@id\":\"https:\/\/internewskosova.org\/internews-kosova-mban-kampin-multietnik-kunder-dezinformimit\/#breadcrumb\",\"itemListElement\":[{\"@type\":\"ListItem\",\"position\":1,\"name\":\"Home\",\"item\":\"https:\/\/internewskosova.org\/\"},{\"@type\":\"ListItem\",\"position\":2,\"name\":\"Internews Kosova mban Kampin multietnik kund\u00ebr dezinformimit\"}]},{\"@type\":\"WebSite\",\"@id\":\"https:\/\/internewskosova.org\/#website\",\"url\":\"https:\/\/internewskosova.org\/\",\"name\":\"Internews Kosova\",\"description\":\"\",\"potentialAction\":[{\"@type\":\"SearchAction\",\"target\":{\"@type\":\"EntryPoint\",\"urlTemplate\":\"https:\/\/internewskosova.org\/?s={search_term_string}\"},\"query-input\":{\"@type\":\"PropertyValueSpecification\",\"valueRequired\":true,\"valueName\":\"search_term_string\"}}],\"inLanguage\":\"sq-AL\"},{\"@type\":\"Person\",\"@id\":\"https:\/\/internewskosova.org\/#\/schema\/person\/df061921b05fb4846fa727287c760e13\",\"name\":\"internewskosova\",\"image\":{\"@type\":\"ImageObject\",\"inLanguage\":\"sq-AL\",\"@id\":\"https:\/\/internewskosova.org\/#\/schema\/person\/image\/\",\"url\":\"https:\/\/secure.gravatar.com\/avatar\/42b3f84333815029cec0ac9d3a126330?s=96&d=mm&r=g\",\"contentUrl\":\"https:\/\/secure.gravatar.com\/avatar\/42b3f84333815029cec0ac9d3a126330?s=96&d=mm&r=g\",\"caption\":\"internewskosova\"},\"url\":\"https:\/\/internewskosova.org\/sq_al\/author\/internewskosova\/\"}]}<\/script>\n<!-- \/ Yoast SEO plugin. -->","yoast_head_json":{"title":"Internews Kosova mban Kampin multietnik kund\u00ebr dezinformimit","robots":{"index":"index","follow":"follow","max-snippet":"max-snippet:-1","max-image-preview":"max-image-preview:large","max-video-preview":"max-video-preview:-1"},"canonical":"https:\/\/internewskosova.org\/sq_al\/internews-kosova-mban-kampin-multietnik-kunder-dezinformimit\/","og_locale":"sq_AL","og_type":"article","og_title":"Internews Kosova mban Kampin multietnik kund\u00ebr dezinformimit","og_description":"Internews Kosova organizoi kampin multietnik kund\u00ebr dezinformimit me gazetar\u00eb t\u00eb rinj dhe student\u00eb, n\u00eb Mitrovic\u00eb, m\u00eb 22-24 mars 2024. Kampi u mbajt n\u00eb kuad\u00ebr t\u00eb projektit \u2018\u2019Fuqizimi i integritetit t\u00eb mediave: Promovimi i Fact-Checking dhe luftimi i dezinformimit n\u00eb Kosov\u00eb\u2019\u2019, financuar nga Bashkimi Europian, CFI (Agjensioni p\u00ebr zhvillimin e medias), implementuar nga Internews Kosova. N\u00eb [&hellip;]","og_url":"https:\/\/internewskosova.org\/sq_al\/internews-kosova-mban-kampin-multietnik-kunder-dezinformimit\/","og_site_name":"Internews Kosova","article_published_time":"2024-03-26T12:26:17+00:00","article_modified_time":"2024-03-26T12:30:53+00:00","og_image":[{"width":2560,"height":1707,"url":"http:\/\/internewskosova.org\/wp-content\/uploads\/2024\/03\/642A4795-min-scaled.jpg","type":"image\/jpeg"}],"author":"internewskosova","twitter_card":"summary_large_image","twitter_misc":{"Written by":"internewskosova","Est. reading time":"3 minutes"},"schema":{"@context":"https:\/\/schema.org","@graph":[{"@type":"WebPage","@id":"https:\/\/internewskosova.org\/internews-kosova-mban-kampin-multietnik-kunder-dezinformimit\/","url":"https:\/\/internewskosova.org\/internews-kosova-mban-kampin-multietnik-kunder-dezinformimit\/","name":"Internews Kosova mban Kampin multietnik kund\u00ebr dezinformimit","isPartOf":{"@id":"https:\/\/internewskosova.org\/#website"},"primaryImageOfPage":{"@id":"https:\/\/internewskosova.org\/internews-kosova-mban-kampin-multietnik-kunder-dezinformimit\/#primaryimage"},"image":{"@id":"https:\/\/internewskosova.org\/internews-kosova-mban-kampin-multietnik-kunder-dezinformimit\/#primaryimage"},"thumbnailUrl":"https:\/\/internewskosova.org\/wp-content\/uploads\/2024\/03\/642A4795-min-scaled.jpg","datePublished":"2024-03-26T12:26:17+00:00","dateModified":"2024-03-26T12:30:53+00:00","author":{"@id":"https:\/\/internewskosova.org\/#\/schema\/person\/df061921b05fb4846fa727287c760e13"},"breadcrumb":{"@id":"https:\/\/internewskosova.org\/internews-kosova-mban-kampin-multietnik-kunder-dezinformimit\/#breadcrumb"},"inLanguage":"sq-AL","potentialAction":[{"@type":"ReadAction","target":["https:\/\/internewskosova.org\/internews-kosova-mban-kampin-multietnik-kunder-dezinformimit\/"]}]},{"@type":"ImageObject","inLanguage":"sq-AL","@id":"https:\/\/internewskosova.org\/internews-kosova-mban-kampin-multietnik-kunder-dezinformimit\/#primaryimage","url":"https:\/\/internewskosova.org\/wp-content\/uploads\/2024\/03\/642A4795-min-scaled.jpg","contentUrl":"https:\/\/internewskosova.org\/wp-content\/uploads\/2024\/03\/642A4795-min-scaled.jpg","width":2560,"height":1707},{"@type":"BreadcrumbList","@id":"https:\/\/internewskosova.org\/internews-kosova-mban-kampin-multietnik-kunder-dezinformimit\/#breadcrumb","itemListElement":[{"@type":"ListItem","position":1,"name":"Home","item":"https:\/\/internewskosova.org\/"},{"@type":"ListItem","position":2,"name":"Internews Kosova mban Kampin multietnik kund\u00ebr dezinformimit"}]},{"@type":"WebSite","@id":"https:\/\/internewskosova.org\/#website","url":"https:\/\/internewskosova.org\/","name":"Internews Kosova","description":"","potentialAction":[{"@type":"SearchAction","target":{"@type":"EntryPoint","urlTemplate":"https:\/\/internewskosova.org\/?s={search_term_string}"},"query-input":{"@type":"PropertyValueSpecification","valueRequired":true,"valueName":"search_term_string"}}],"inLanguage":"sq-AL"},{"@type":"Person","@id":"https:\/\/internewskosova.org\/#\/schema\/person\/df061921b05fb4846fa727287c760e13","name":"internewskosova","image":{"@type":"ImageObject","inLanguage":"sq-AL","@id":"https:\/\/internewskosova.org\/#\/schema\/person\/image\/","url":"https:\/\/secure.gravatar.com\/avatar\/42b3f84333815029cec0ac9d3a126330?s=96&d=mm&r=g","contentUrl":"https:\/\/secure.gravatar.com\/avatar\/42b3f84333815029cec0ac9d3a126330?s=96&d=mm&r=g","caption":"internewskosova"},"url":"https:\/\/internewskosova.org\/sq_al\/author\/internewskosova\/"}]}},"_links":{"self":[{"href":"https:\/\/internewskosova.org\/sq_al\/wp-json\/wp\/v2\/posts\/2412","targetHints":{"allow":["GET"]}}],"collection":[{"href":"https:\/\/internewskosova.org\/sq_al\/wp-json\/wp\/v2\/posts"}],"about":[{"href":"https:\/\/internewskosova.org\/sq_al\/wp-json\/wp\/v2\/types\/post"}],"author":[{"embeddable":true,"href":"https:\/\/internewskosova.org\/sq_al\/wp-json\/wp\/v2\/users\/1"}],"replies":[{"embeddable":true,"href":"https:\/\/internewskosova.org\/sq_al\/wp-json\/wp\/v2\/comments?post=2412"}],"version-history":[{"count":2,"href":"https:\/\/internewskosova.org\/sq_al\/wp-json\/wp\/v2\/posts\/2412\/revisions"}],"predecessor-version":[{"id":2424,"href":"https:\/\/internewskosova.org\/sq_al\/wp-json\/wp\/v2\/posts\/2412\/revisions\/2424"}],"wp:featuredmedia":[{"embeddable":true,"href":"https:\/\/internewskosova.org\/sq_al\/wp-json\/wp\/v2\/media\/2420"}],"wp:attachment":[{"href":"https:\/\/internewskosova.org\/sq_al\/wp-json\/wp\/v2\/media?parent=2412"}],"wp:term":[{"taxonomy":"category","embeddable":true,"href":"https:\/\/internewskosova.org\/sq_al\/wp-json\/wp\/v2\/categories?post=2412"},{"taxonomy":"post_tag","embeddable":true,"href":"https:\/\/internewskosova.org\/sq_al\/wp-json\/wp\/v2\/tags?post=2412"}],"curies":[{"name":"wp","href":"https:\/\/api.w.org\/{rel}","templated":true}]}}