{"id":2521,"date":"2024-05-07T11:29:08","date_gmt":"2024-05-07T11:29:08","guid":{"rendered":"https:\/\/internewskosova.org\/?p=2521"},"modified":"2024-05-07T11:29:08","modified_gmt":"2024-05-07T11:29:08","slug":"internews-kosova-mban-trajnim-me-studente-te-universitetit-te-prishtines-rreth-dezinformatave-dhe-verifikimit-te-fakteve","status":"publish","type":"post","link":"https:\/\/internewskosova.org\/sq_al\/internews-kosova-mban-trajnim-me-studente-te-universitetit-te-prishtines-rreth-dezinformatave-dhe-verifikimit-te-fakteve\/","title":{"rendered":"Internews Kosova mban trajnim me student\u00eb t\u00eb Universitetit t\u00eb Prishtin\u00ebs rreth  dezinformatave dhe verifikimit t\u00eb fakteve"},"content":{"rendered":"<p>Me 29 prill 2024, Internews Kosova mbajti sesionin e trajnimit me student\u00ebt e Universitetit t\u00eb Prishtin\u00ebs \u2018\u2018Hasan Prishtina\u2019\u00a0 n\u00eb fush\u00ebn e dezinformatave dhe verifikimit t\u00eb fakteve.<\/p>\n<p>Ky trajnim i implementuar nga Internews Kosova \u00ebsht\u00eb pjes\u00eb e projektit \u2018\u2019Fuqizimi i integritetit t\u00eb mediave: Promovimi i Fact-Checking dhe luftimi i dezinformimit n\u00eb Kosov\u00eb\u2019\u2019, financuar nga Bashkimi Europian, CFI (Agjensioni p\u00ebr Zhvillimin e Medias).<\/p>\n<p>N\u00eb pjes\u00ebn e par\u00eb t\u00eb k\u00ebtij trajnimi, kryeredaktori i Kallxo.com, Kreshnik Gashi, u ligj\u00ebroi student\u00ebve pjes\u00ebmarr\u00ebs rreth historis\u00eb s\u00eb dezinformatave dhe mbi at\u00eb se si b\u00ebhet identifikimi i narrativave mbi to.<\/p>\n<p>Duke e ilustruar me shembuj praktik\u00eb, Gashi shpjegoi m\u00ebnyr\u00ebn se si luftohet dezinformimi n\u00eb Kallxo.com duke theksuar se dezinformatat n\u00eb Kosov\u00eb jan\u00eb p\u00ebrhapur var\u00ebsisht nga interesat gjeopolitike dhe kan\u00eb ardhur kryesisht nga Rusia, Kina, Serbia dhe vendet e tjera q\u00eb p\u00ebrve\u00e7 narrativave t\u00eb nacionaliste, ekstremit t\u00eb djatht\u00eb, kan\u00eb p\u00ebrhapur edhe dezinformata rreth religjionit.<\/p>\n<p>N\u00eb m\u00ebnyr\u00eb q\u00eb t\u00eb luftohet dezinformimi, Gashi theksoi nevoj\u00ebn e verifikimit t\u00eb fakteve si mjet kryesor, duke sqaruar k\u00ebshtu metodologjit\u00eb e verifikimi t\u00eb fakteve si dhe procesin e verifikimit t\u00eb fakteve n\u00eb t\u00ebr\u00ebsi. Me shembuj praktik\u00eb, si\u00e7 \u00ebsht\u00eb rasti i Krypometrit n\u00eb Kallxo.com u tregua n\u00eb detaje m\u00ebnyra q\u00eb nga dh\u00ebnia e nj\u00eb deklarate publike e deri te verifikimi i saj n\u00ebse \u00ebsht\u00eb e v\u00ebrtet\u00eb apo jo.<\/p>\n<p>\u201cLajmi n\u00eb p\u00ebrgjith\u00ebsi si jo rrall\u00ebher\u00eb di t\u00eb jet\u00eb kompleks dhe k\u00ebrkon nj\u00eb hulumtimt e verifikim t\u00eb thukt\u00eb para se publikohet apo t\u00eb demantohet si i till\u00eb\u201d, tha Kreshnik Gashi.<\/p>\n<p>N\u00eb k\u00ebt\u00eb trajnim mor\u00ebn pjes\u00eb 69 student\u00eb, nga t\u00eb cil\u00ebt, 60 ishin vajza. Student\u00ebt pjes\u00ebmarr\u00ebs n\u00eb n\u00eb k\u00ebt\u00eb trajnim u interesuan sidomos p\u00ebr influenc\u00ebn dhe dezinformatat q\u00eb vijn\u00eb nga Rusia e Serbia duke k\u00ebrkuar k\u00ebshtu informata edhe n\u00eb rastin e sulmit n\u00eb Banjsk\u00ebs.<\/p>\n<p>T\u00eb pranish\u00ebm n\u00eb k\u00ebt\u00eb trajnim ishin edhe znj. Remzie Shahini \u2013 Hoxhaj, Profesoresh\u00eb n\u00eb Fakultetin e Filologjis\u00eb si dhe z, Alban Zeneli, Profesor n\u00eb Fakultetin e Filologjis\u00eb n\u00eb Universitetin e Prishtin\u00ebs.<\/p>","protected":false},"excerpt":{"rendered":"<p>Me 29 prill 2024, Internews Kosova mbajti sesionin e trajnimit me student\u00ebt e Universitetit t\u00eb Prishtin\u00ebs \u2018\u2018Hasan Prishtina\u2019\u00a0 n\u00eb fush\u00ebn e dezinformatave dhe verifikimit t\u00eb fakteve. Ky trajnim i implementuar nga Internews Kosova \u00ebsht\u00eb pjes\u00eb e projektit \u2018\u2019Fuqizimi i integritetit t\u00eb mediave: Promovimi i Fact-Checking dhe luftimi i dezinformimit n\u00eb Kosov\u00eb\u2019\u2019, financuar nga Bashkimi Europian, [&hellip;]<\/p>","protected":false},"author":1,"featured_media":2522,"comment_status":"closed","ping_status":"closed","sticky":false,"template":"","format":"standard","meta":{"_FSMCFIC_featured_image_caption":"","_FSMCFIC_featured_image_nocaption":"","_FSMCFIC_featured_image_hide":"","footnotes":""},"categories":[18],"tags":[],"class_list":["post-2521","post","type-post","status-publish","format-standard","has-post-thumbnail","hentry","category-lajmet"],"yoast_head":"<!-- This site is optimized with the Yoast SEO plugin v24.9 - https:\/\/yoast.com\/wordpress\/plugins\/seo\/ -->\n<title>Internews Kosova mban trajnim me student\u00eb t\u00eb Universitetit t\u00eb Prishtin\u00ebs rreth dezinformatave dhe verifikimit t\u00eb fakteve<\/title>\n<meta name=\"robots\" content=\"index, follow, max-snippet:-1, max-image-preview:large, max-video-preview:-1\" \/>\n<link rel=\"canonical\" href=\"https:\/\/internewskosova.org\/sq_al\/internews-kosova-mban-trajnim-me-studente-te-universitetit-te-prishtines-rreth-dezinformatave-dhe-verifikimit-te-fakteve\/\" \/>\n<meta property=\"og:locale\" content=\"sq_AL\" \/>\n<meta property=\"og:type\" content=\"article\" \/>\n<meta property=\"og:title\" content=\"Internews Kosova mban trajnim me student\u00eb t\u00eb Universitetit t\u00eb Prishtin\u00ebs rreth dezinformatave dhe verifikimit t\u00eb fakteve\" \/>\n<meta property=\"og:description\" content=\"Me 29 prill 2024, Internews Kosova mbajti sesionin e trajnimit me student\u00ebt e Universitetit t\u00eb Prishtin\u00ebs \u2018\u2018Hasan Prishtina\u2019\u00a0 n\u00eb fush\u00ebn e dezinformatave dhe verifikimit t\u00eb fakteve. Ky trajnim i implementuar nga Internews Kosova \u00ebsht\u00eb pjes\u00eb e projektit \u2018\u2019Fuqizimi i integritetit t\u00eb mediave: Promovimi i Fact-Checking dhe luftimi i dezinformimit n\u00eb Kosov\u00eb\u2019\u2019, financuar nga Bashkimi Europian, [&hellip;]\" \/>\n<meta property=\"og:url\" content=\"https:\/\/internewskosova.org\/sq_al\/internews-kosova-mban-trajnim-me-studente-te-universitetit-te-prishtines-rreth-dezinformatave-dhe-verifikimit-te-fakteve\/\" \/>\n<meta property=\"og:site_name\" content=\"Internews Kosova\" \/>\n<meta property=\"article:published_time\" content=\"2024-05-07T11:29:08+00:00\" \/>\n<meta property=\"og:image\" content=\"http:\/\/internewskosova.org\/wp-content\/uploads\/2024\/05\/20240429_121759-scaled.jpg\" \/>\n\t<meta property=\"og:image:width\" content=\"2560\" \/>\n\t<meta property=\"og:image:height\" content=\"1920\" \/>\n\t<meta property=\"og:image:type\" content=\"image\/jpeg\" \/>\n<meta name=\"author\" content=\"internewskosova\" \/>\n<meta name=\"twitter:card\" content=\"summary_large_image\" \/>\n<meta name=\"twitter:label1\" content=\"Written by\" \/>\n\t<meta name=\"twitter:data1\" content=\"internewskosova\" \/>\n\t<meta name=\"twitter:label2\" content=\"Est. reading time\" \/>\n\t<meta name=\"twitter:data2\" content=\"2 minutes\" \/>\n<script type=\"application\/ld+json\" class=\"yoast-schema-graph\">{\"@context\":\"https:\/\/schema.org\",\"@graph\":[{\"@type\":\"WebPage\",\"@id\":\"https:\/\/internewskosova.org\/internews-kosova-mban-trajnim-me-studente-te-universitetit-te-prishtines-rreth-dezinformatave-dhe-verifikimit-te-fakteve\/\",\"url\":\"https:\/\/internewskosova.org\/internews-kosova-mban-trajnim-me-studente-te-universitetit-te-prishtines-rreth-dezinformatave-dhe-verifikimit-te-fakteve\/\",\"name\":\"Internews Kosova mban trajnim me student\u00eb t\u00eb Universitetit t\u00eb Prishtin\u00ebs rreth dezinformatave dhe verifikimit t\u00eb fakteve\",\"isPartOf\":{\"@id\":\"https:\/\/internewskosova.org\/#website\"},\"primaryImageOfPage\":{\"@id\":\"https:\/\/internewskosova.org\/internews-kosova-mban-trajnim-me-studente-te-universitetit-te-prishtines-rreth-dezinformatave-dhe-verifikimit-te-fakteve\/#primaryimage\"},\"image\":{\"@id\":\"https:\/\/internewskosova.org\/internews-kosova-mban-trajnim-me-studente-te-universitetit-te-prishtines-rreth-dezinformatave-dhe-verifikimit-te-fakteve\/#primaryimage\"},\"thumbnailUrl\":\"https:\/\/internewskosova.org\/wp-content\/uploads\/2024\/05\/20240429_121759-scaled.jpg\",\"datePublished\":\"2024-05-07T11:29:08+00:00\",\"author\":{\"@id\":\"https:\/\/internewskosova.org\/#\/schema\/person\/df061921b05fb4846fa727287c760e13\"},\"breadcrumb\":{\"@id\":\"https:\/\/internewskosova.org\/internews-kosova-mban-trajnim-me-studente-te-universitetit-te-prishtines-rreth-dezinformatave-dhe-verifikimit-te-fakteve\/#breadcrumb\"},\"inLanguage\":\"sq-AL\",\"potentialAction\":[{\"@type\":\"ReadAction\",\"target\":[\"https:\/\/internewskosova.org\/internews-kosova-mban-trajnim-me-studente-te-universitetit-te-prishtines-rreth-dezinformatave-dhe-verifikimit-te-fakteve\/\"]}]},{\"@type\":\"ImageObject\",\"inLanguage\":\"sq-AL\",\"@id\":\"https:\/\/internewskosova.org\/internews-kosova-mban-trajnim-me-studente-te-universitetit-te-prishtines-rreth-dezinformatave-dhe-verifikimit-te-fakteve\/#primaryimage\",\"url\":\"https:\/\/internewskosova.org\/wp-content\/uploads\/2024\/05\/20240429_121759-scaled.jpg\",\"contentUrl\":\"https:\/\/internewskosova.org\/wp-content\/uploads\/2024\/05\/20240429_121759-scaled.jpg\",\"width\":2560,\"height\":1920},{\"@type\":\"BreadcrumbList\",\"@id\":\"https:\/\/internewskosova.org\/internews-kosova-mban-trajnim-me-studente-te-universitetit-te-prishtines-rreth-dezinformatave-dhe-verifikimit-te-fakteve\/#breadcrumb\",\"itemListElement\":[{\"@type\":\"ListItem\",\"position\":1,\"name\":\"Home\",\"item\":\"https:\/\/internewskosova.org\/\"},{\"@type\":\"ListItem\",\"position\":2,\"name\":\"Internews Kosova mban trajnim me student\u00eb t\u00eb Universitetit t\u00eb Prishtin\u00ebs rreth dezinformatave dhe verifikimit t\u00eb fakteve\"}]},{\"@type\":\"WebSite\",\"@id\":\"https:\/\/internewskosova.org\/#website\",\"url\":\"https:\/\/internewskosova.org\/\",\"name\":\"Internews Kosova\",\"description\":\"\",\"potentialAction\":[{\"@type\":\"SearchAction\",\"target\":{\"@type\":\"EntryPoint\",\"urlTemplate\":\"https:\/\/internewskosova.org\/?s={search_term_string}\"},\"query-input\":{\"@type\":\"PropertyValueSpecification\",\"valueRequired\":true,\"valueName\":\"search_term_string\"}}],\"inLanguage\":\"sq-AL\"},{\"@type\":\"Person\",\"@id\":\"https:\/\/internewskosova.org\/#\/schema\/person\/df061921b05fb4846fa727287c760e13\",\"name\":\"internewskosova\",\"image\":{\"@type\":\"ImageObject\",\"inLanguage\":\"sq-AL\",\"@id\":\"https:\/\/internewskosova.org\/#\/schema\/person\/image\/\",\"url\":\"https:\/\/secure.gravatar.com\/avatar\/42b3f84333815029cec0ac9d3a126330?s=96&d=mm&r=g\",\"contentUrl\":\"https:\/\/secure.gravatar.com\/avatar\/42b3f84333815029cec0ac9d3a126330?s=96&d=mm&r=g\",\"caption\":\"internewskosova\"},\"url\":\"https:\/\/internewskosova.org\/sq_al\/author\/internewskosova\/\"}]}<\/script>\n<!-- \/ Yoast SEO plugin. -->","yoast_head_json":{"title":"Internews Kosova mban trajnim me student\u00eb t\u00eb Universitetit t\u00eb Prishtin\u00ebs rreth dezinformatave dhe verifikimit t\u00eb fakteve","robots":{"index":"index","follow":"follow","max-snippet":"max-snippet:-1","max-image-preview":"max-image-preview:large","max-video-preview":"max-video-preview:-1"},"canonical":"https:\/\/internewskosova.org\/sq_al\/internews-kosova-mban-trajnim-me-studente-te-universitetit-te-prishtines-rreth-dezinformatave-dhe-verifikimit-te-fakteve\/","og_locale":"sq_AL","og_type":"article","og_title":"Internews Kosova mban trajnim me student\u00eb t\u00eb Universitetit t\u00eb Prishtin\u00ebs rreth dezinformatave dhe verifikimit t\u00eb fakteve","og_description":"Me 29 prill 2024, Internews Kosova mbajti sesionin e trajnimit me student\u00ebt e Universitetit t\u00eb Prishtin\u00ebs \u2018\u2018Hasan Prishtina\u2019\u00a0 n\u00eb fush\u00ebn e dezinformatave dhe verifikimit t\u00eb fakteve. Ky trajnim i implementuar nga Internews Kosova \u00ebsht\u00eb pjes\u00eb e projektit \u2018\u2019Fuqizimi i integritetit t\u00eb mediave: Promovimi i Fact-Checking dhe luftimi i dezinformimit n\u00eb Kosov\u00eb\u2019\u2019, financuar nga Bashkimi Europian, [&hellip;]","og_url":"https:\/\/internewskosova.org\/sq_al\/internews-kosova-mban-trajnim-me-studente-te-universitetit-te-prishtines-rreth-dezinformatave-dhe-verifikimit-te-fakteve\/","og_site_name":"Internews Kosova","article_published_time":"2024-05-07T11:29:08+00:00","og_image":[{"width":2560,"height":1920,"url":"http:\/\/internewskosova.org\/wp-content\/uploads\/2024\/05\/20240429_121759-scaled.jpg","type":"image\/jpeg"}],"author":"internewskosova","twitter_card":"summary_large_image","twitter_misc":{"Written by":"internewskosova","Est. reading time":"2 minutes"},"schema":{"@context":"https:\/\/schema.org","@graph":[{"@type":"WebPage","@id":"https:\/\/internewskosova.org\/internews-kosova-mban-trajnim-me-studente-te-universitetit-te-prishtines-rreth-dezinformatave-dhe-verifikimit-te-fakteve\/","url":"https:\/\/internewskosova.org\/internews-kosova-mban-trajnim-me-studente-te-universitetit-te-prishtines-rreth-dezinformatave-dhe-verifikimit-te-fakteve\/","name":"Internews Kosova mban trajnim me student\u00eb t\u00eb Universitetit t\u00eb Prishtin\u00ebs rreth dezinformatave dhe verifikimit t\u00eb fakteve","isPartOf":{"@id":"https:\/\/internewskosova.org\/#website"},"primaryImageOfPage":{"@id":"https:\/\/internewskosova.org\/internews-kosova-mban-trajnim-me-studente-te-universitetit-te-prishtines-rreth-dezinformatave-dhe-verifikimit-te-fakteve\/#primaryimage"},"image":{"@id":"https:\/\/internewskosova.org\/internews-kosova-mban-trajnim-me-studente-te-universitetit-te-prishtines-rreth-dezinformatave-dhe-verifikimit-te-fakteve\/#primaryimage"},"thumbnailUrl":"https:\/\/internewskosova.org\/wp-content\/uploads\/2024\/05\/20240429_121759-scaled.jpg","datePublished":"2024-05-07T11:29:08+00:00","author":{"@id":"https:\/\/internewskosova.org\/#\/schema\/person\/df061921b05fb4846fa727287c760e13"},"breadcrumb":{"@id":"https:\/\/internewskosova.org\/internews-kosova-mban-trajnim-me-studente-te-universitetit-te-prishtines-rreth-dezinformatave-dhe-verifikimit-te-fakteve\/#breadcrumb"},"inLanguage":"sq-AL","potentialAction":[{"@type":"ReadAction","target":["https:\/\/internewskosova.org\/internews-kosova-mban-trajnim-me-studente-te-universitetit-te-prishtines-rreth-dezinformatave-dhe-verifikimit-te-fakteve\/"]}]},{"@type":"ImageObject","inLanguage":"sq-AL","@id":"https:\/\/internewskosova.org\/internews-kosova-mban-trajnim-me-studente-te-universitetit-te-prishtines-rreth-dezinformatave-dhe-verifikimit-te-fakteve\/#primaryimage","url":"https:\/\/internewskosova.org\/wp-content\/uploads\/2024\/05\/20240429_121759-scaled.jpg","contentUrl":"https:\/\/internewskosova.org\/wp-content\/uploads\/2024\/05\/20240429_121759-scaled.jpg","width":2560,"height":1920},{"@type":"BreadcrumbList","@id":"https:\/\/internewskosova.org\/internews-kosova-mban-trajnim-me-studente-te-universitetit-te-prishtines-rreth-dezinformatave-dhe-verifikimit-te-fakteve\/#breadcrumb","itemListElement":[{"@type":"ListItem","position":1,"name":"Home","item":"https:\/\/internewskosova.org\/"},{"@type":"ListItem","position":2,"name":"Internews Kosova mban trajnim me student\u00eb t\u00eb Universitetit t\u00eb Prishtin\u00ebs rreth dezinformatave dhe verifikimit t\u00eb fakteve"}]},{"@type":"WebSite","@id":"https:\/\/internewskosova.org\/#website","url":"https:\/\/internewskosova.org\/","name":"Internews Kosova","description":"","potentialAction":[{"@type":"SearchAction","target":{"@type":"EntryPoint","urlTemplate":"https:\/\/internewskosova.org\/?s={search_term_string}"},"query-input":{"@type":"PropertyValueSpecification","valueRequired":true,"valueName":"search_term_string"}}],"inLanguage":"sq-AL"},{"@type":"Person","@id":"https:\/\/internewskosova.org\/#\/schema\/person\/df061921b05fb4846fa727287c760e13","name":"internewskosova","image":{"@type":"ImageObject","inLanguage":"sq-AL","@id":"https:\/\/internewskosova.org\/#\/schema\/person\/image\/","url":"https:\/\/secure.gravatar.com\/avatar\/42b3f84333815029cec0ac9d3a126330?s=96&d=mm&r=g","contentUrl":"https:\/\/secure.gravatar.com\/avatar\/42b3f84333815029cec0ac9d3a126330?s=96&d=mm&r=g","caption":"internewskosova"},"url":"https:\/\/internewskosova.org\/sq_al\/author\/internewskosova\/"}]}},"_links":{"self":[{"href":"https:\/\/internewskosova.org\/sq_al\/wp-json\/wp\/v2\/posts\/2521","targetHints":{"allow":["GET"]}}],"collection":[{"href":"https:\/\/internewskosova.org\/sq_al\/wp-json\/wp\/v2\/posts"}],"about":[{"href":"https:\/\/internewskosova.org\/sq_al\/wp-json\/wp\/v2\/types\/post"}],"author":[{"embeddable":true,"href":"https:\/\/internewskosova.org\/sq_al\/wp-json\/wp\/v2\/users\/1"}],"replies":[{"embeddable":true,"href":"https:\/\/internewskosova.org\/sq_al\/wp-json\/wp\/v2\/comments?post=2521"}],"version-history":[{"count":1,"href":"https:\/\/internewskosova.org\/sq_al\/wp-json\/wp\/v2\/posts\/2521\/revisions"}],"predecessor-version":[{"id":2523,"href":"https:\/\/internewskosova.org\/sq_al\/wp-json\/wp\/v2\/posts\/2521\/revisions\/2523"}],"wp:featuredmedia":[{"embeddable":true,"href":"https:\/\/internewskosova.org\/sq_al\/wp-json\/wp\/v2\/media\/2522"}],"wp:attachment":[{"href":"https:\/\/internewskosova.org\/sq_al\/wp-json\/wp\/v2\/media?parent=2521"}],"wp:term":[{"taxonomy":"category","embeddable":true,"href":"https:\/\/internewskosova.org\/sq_al\/wp-json\/wp\/v2\/categories?post=2521"},{"taxonomy":"post_tag","embeddable":true,"href":"https:\/\/internewskosova.org\/sq_al\/wp-json\/wp\/v2\/tags?post=2521"}],"curies":[{"name":"wp","href":"https:\/\/api.w.org\/{rel}","templated":true}]}}