{"id":2532,"date":"2024-05-07T11:44:27","date_gmt":"2024-05-07T11:44:27","guid":{"rendered":"https:\/\/internewskosova.org\/?p=2532"},"modified":"2024-05-07T11:44:27","modified_gmt":"2024-05-07T11:44:27","slug":"internews-kosova-organizoi-trajnim-me-studente-te-kolegjit-privat-ne-fushen-e-verifikimit-te-fakteve","status":"publish","type":"post","link":"https:\/\/internewskosova.org\/sq_al\/internews-kosova-organizoi-trajnim-me-studente-te-kolegjit-privat-ne-fushen-e-verifikimit-te-fakteve\/","title":{"rendered":"Internews Kosova organizoi trajnim me student\u00eb t\u00eb kolegjit privat n\u00eb fush\u00ebn e verifikimit t\u00eb fakteve"},"content":{"rendered":"<p>Me 2 maj 2024, Internews Kosova mbajti sesion trajnimi me student\u00ebt e Kolegjit AAB n\u00eb Prishtin\u00eb, n\u00eb fush\u00ebn e verifikimit t\u00eb fakteve.<\/p>\n<p>Ky trajnim i implementuar nga Internews Kosova \u00ebsht\u00eb pjes\u00eb e projektit \u2018\u2019Fuqizimi i integritetit t\u00eb mediave: Promovimi i Fact-Checking dhe luftimi i dezinformimit n\u00eb Kosov\u00eb\u2019\u2019, financuar nga Bashkimi Europian, CFI (Agjensioni p\u00ebr Zhvillimin e Medias).<\/p>\n<p>P\u00ebrgjat\u00eb k\u00ebtij sesioni t\u00eb trajnimit interaktiv me student\u00eb- gazetar\u00eb t\u00eb s\u00eb ardhmes,, redaktori p\u00ebrgjegj\u00ebs i Kallxo.com, Visar Prebreza, theksoi r\u00ebnd\u00ebsin\u00eb e verfikimit t\u00eb fakteve. Me shembuj konkret\u00eb t\u00eb hulumtimeve t\u00eb realizuara n\u00eb Kallxo.com q\u00eb kan\u00eb fituar \u00e7mime gazetareske, Prebreza\u00a0 foli m\u00eb n\u00eb detaje p\u00ebr metodologjin\u00eb, procesin dhe v\u00ebshtir\u00ebsit\u00eb e t\u00eb gjith\u00eb rrug\u00ebtimit hulumtues i cili her\u00eb pas here u p\u00ebrball edhe me pengesa t\u00eb shfaqura n\u00eb llojin e k\u00ebrc\u00ebnimeve jo-direkte apo edhe marrjen e vendimeve nga gjykatat n\u00eb momente kur shoq\u00ebria ishte e shp\u00ebrq\u00ebndruar nga lajme t\u00eb tjera dhe nuk kishte v\u00ebm\u00ebndjen n\u00eb \u00e7\u00ebshtje apo afera korruptive.<\/p>\n<p>Prebreza potencoi r\u00ebnd\u00ebsine e t\u00eb qenit i v\u00ebmendsh\u00ebm n\u00eb marrjen\u00a0 e informacionit pasiq\u00eb asnj\u00eb burim nuk duhet anashkaluar.<\/p>\n<p>\u201c\u00c7do burim \u00ebsht\u00eb me vler\u00eb dhe m\u00eb pas ai informacion para se t\u00eb b\u00ebhet lajm duhet verifikuar\u201d, tha Visar Prebreza.<\/p>\n<p>N\u00eb k\u00ebt\u00eb trajnim mor\u00ebn pjes\u00eb 17 student\u00eb, nga t\u00eb cil\u00ebt 14 pjes\u00ebmarr\u00ebse ishin vajza. Student\u00ebt pjes\u00ebmarr\u00ebs n\u00eb k\u00ebt\u00eb ligj\u00ebrat\u00eb ishin tejet aktiv\u00eb dhe u interesuan n\u00eb \u00e7\u00ebshtje t\u00eb ndryshme e raste specifike t\u00eb trajtuara nga gazetar\u00ebt t\u00eb ndrysh\u00ebm. P\u00ebr m\u00eb tep\u00ebr, ata k\u00ebrkuan edhe nj\u00eb ligj\u00ebrat\u00eb t\u00eb ve\u00e7ant\u00eb n\u00eb fund t\u00eb muajit maj n\u00eb t\u00eb cil\u00ebn do t\u00eb shpjegohej n\u00eb detaje nj\u00eb procesi hulumtues gazetaresk deri n\u00eb publikim.<\/p>","protected":false},"excerpt":{"rendered":"<p>Me 2 maj 2024, Internews Kosova mbajti sesion trajnimi me student\u00ebt e Kolegjit AAB n\u00eb Prishtin\u00eb, n\u00eb fush\u00ebn e verifikimit t\u00eb fakteve. Ky trajnim i implementuar nga Internews Kosova \u00ebsht\u00eb pjes\u00eb e projektit \u2018\u2019Fuqizimi i integritetit t\u00eb mediave: Promovimi i Fact-Checking dhe luftimi i dezinformimit n\u00eb Kosov\u00eb\u2019\u2019, financuar nga Bashkimi Europian, CFI (Agjensioni p\u00ebr Zhvillimin [&hellip;]<\/p>","protected":false},"author":1,"featured_media":2533,"comment_status":"closed","ping_status":"closed","sticky":false,"template":"","format":"standard","meta":{"_FSMCFIC_featured_image_caption":"","_FSMCFIC_featured_image_nocaption":"","_FSMCFIC_featured_image_hide":"","footnotes":""},"categories":[18],"tags":[],"class_list":["post-2532","post","type-post","status-publish","format-standard","has-post-thumbnail","hentry","category-lajmet"],"yoast_head":"<!-- This site is optimized with the Yoast SEO plugin v24.9 - https:\/\/yoast.com\/wordpress\/plugins\/seo\/ -->\n<title>Internews Kosova organizoi trajnim me student\u00eb t\u00eb kolegjit privat n\u00eb fush\u00ebn e verifikimit t\u00eb fakteve<\/title>\n<meta name=\"robots\" content=\"index, follow, max-snippet:-1, max-image-preview:large, max-video-preview:-1\" \/>\n<link rel=\"canonical\" href=\"https:\/\/internewskosova.org\/sq_al\/internews-kosova-organizoi-trajnim-me-studente-te-kolegjit-privat-ne-fushen-e-verifikimit-te-fakteve\/\" \/>\n<meta property=\"og:locale\" content=\"sq_AL\" \/>\n<meta property=\"og:type\" content=\"article\" \/>\n<meta property=\"og:title\" content=\"Internews Kosova organizoi trajnim me student\u00eb t\u00eb kolegjit privat n\u00eb fush\u00ebn e verifikimit t\u00eb fakteve\" \/>\n<meta property=\"og:description\" content=\"Me 2 maj 2024, Internews Kosova mbajti sesion trajnimi me student\u00ebt e Kolegjit AAB n\u00eb Prishtin\u00eb, n\u00eb fush\u00ebn e verifikimit t\u00eb fakteve. Ky trajnim i implementuar nga Internews Kosova \u00ebsht\u00eb pjes\u00eb e projektit \u2018\u2019Fuqizimi i integritetit t\u00eb mediave: Promovimi i Fact-Checking dhe luftimi i dezinformimit n\u00eb Kosov\u00eb\u2019\u2019, financuar nga Bashkimi Europian, CFI (Agjensioni p\u00ebr Zhvillimin [&hellip;]\" \/>\n<meta property=\"og:url\" content=\"https:\/\/internewskosova.org\/sq_al\/internews-kosova-organizoi-trajnim-me-studente-te-kolegjit-privat-ne-fushen-e-verifikimit-te-fakteve\/\" \/>\n<meta property=\"og:site_name\" content=\"Internews Kosova\" \/>\n<meta property=\"article:published_time\" content=\"2024-05-07T11:44:27+00:00\" \/>\n<meta property=\"og:image\" content=\"http:\/\/internewskosova.org\/wp-content\/uploads\/2024\/05\/20240502_112637-scaled.jpg\" \/>\n\t<meta property=\"og:image:width\" content=\"2560\" \/>\n\t<meta property=\"og:image:height\" content=\"1920\" \/>\n\t<meta property=\"og:image:type\" content=\"image\/jpeg\" \/>\n<meta name=\"author\" content=\"internewskosova\" \/>\n<meta name=\"twitter:card\" content=\"summary_large_image\" \/>\n<meta name=\"twitter:label1\" content=\"Written by\" \/>\n\t<meta name=\"twitter:data1\" content=\"internewskosova\" \/>\n\t<meta name=\"twitter:label2\" content=\"Est. reading time\" \/>\n\t<meta name=\"twitter:data2\" content=\"2 minutes\" \/>\n<script type=\"application\/ld+json\" class=\"yoast-schema-graph\">{\"@context\":\"https:\/\/schema.org\",\"@graph\":[{\"@type\":\"WebPage\",\"@id\":\"https:\/\/internewskosova.org\/internews-kosova-organizoi-trajnim-me-studente-te-kolegjit-privat-ne-fushen-e-verifikimit-te-fakteve\/\",\"url\":\"https:\/\/internewskosova.org\/internews-kosova-organizoi-trajnim-me-studente-te-kolegjit-privat-ne-fushen-e-verifikimit-te-fakteve\/\",\"name\":\"Internews Kosova organizoi trajnim me student\u00eb t\u00eb kolegjit privat n\u00eb fush\u00ebn e verifikimit t\u00eb fakteve\",\"isPartOf\":{\"@id\":\"https:\/\/internewskosova.org\/#website\"},\"primaryImageOfPage\":{\"@id\":\"https:\/\/internewskosova.org\/internews-kosova-organizoi-trajnim-me-studente-te-kolegjit-privat-ne-fushen-e-verifikimit-te-fakteve\/#primaryimage\"},\"image\":{\"@id\":\"https:\/\/internewskosova.org\/internews-kosova-organizoi-trajnim-me-studente-te-kolegjit-privat-ne-fushen-e-verifikimit-te-fakteve\/#primaryimage\"},\"thumbnailUrl\":\"https:\/\/internewskosova.org\/wp-content\/uploads\/2024\/05\/20240502_112637-scaled.jpg\",\"datePublished\":\"2024-05-07T11:44:27+00:00\",\"author\":{\"@id\":\"https:\/\/internewskosova.org\/#\/schema\/person\/df061921b05fb4846fa727287c760e13\"},\"breadcrumb\":{\"@id\":\"https:\/\/internewskosova.org\/internews-kosova-organizoi-trajnim-me-studente-te-kolegjit-privat-ne-fushen-e-verifikimit-te-fakteve\/#breadcrumb\"},\"inLanguage\":\"sq-AL\",\"potentialAction\":[{\"@type\":\"ReadAction\",\"target\":[\"https:\/\/internewskosova.org\/internews-kosova-organizoi-trajnim-me-studente-te-kolegjit-privat-ne-fushen-e-verifikimit-te-fakteve\/\"]}]},{\"@type\":\"ImageObject\",\"inLanguage\":\"sq-AL\",\"@id\":\"https:\/\/internewskosova.org\/internews-kosova-organizoi-trajnim-me-studente-te-kolegjit-privat-ne-fushen-e-verifikimit-te-fakteve\/#primaryimage\",\"url\":\"https:\/\/internewskosova.org\/wp-content\/uploads\/2024\/05\/20240502_112637-scaled.jpg\",\"contentUrl\":\"https:\/\/internewskosova.org\/wp-content\/uploads\/2024\/05\/20240502_112637-scaled.jpg\",\"width\":2560,\"height\":1920},{\"@type\":\"BreadcrumbList\",\"@id\":\"https:\/\/internewskosova.org\/internews-kosova-organizoi-trajnim-me-studente-te-kolegjit-privat-ne-fushen-e-verifikimit-te-fakteve\/#breadcrumb\",\"itemListElement\":[{\"@type\":\"ListItem\",\"position\":1,\"name\":\"Home\",\"item\":\"https:\/\/internewskosova.org\/\"},{\"@type\":\"ListItem\",\"position\":2,\"name\":\"Internews Kosova organizoi trajnim me student\u00eb t\u00eb kolegjit privat n\u00eb fush\u00ebn e verifikimit t\u00eb fakteve\"}]},{\"@type\":\"WebSite\",\"@id\":\"https:\/\/internewskosova.org\/#website\",\"url\":\"https:\/\/internewskosova.org\/\",\"name\":\"Internews Kosova\",\"description\":\"\",\"potentialAction\":[{\"@type\":\"SearchAction\",\"target\":{\"@type\":\"EntryPoint\",\"urlTemplate\":\"https:\/\/internewskosova.org\/?s={search_term_string}\"},\"query-input\":{\"@type\":\"PropertyValueSpecification\",\"valueRequired\":true,\"valueName\":\"search_term_string\"}}],\"inLanguage\":\"sq-AL\"},{\"@type\":\"Person\",\"@id\":\"https:\/\/internewskosova.org\/#\/schema\/person\/df061921b05fb4846fa727287c760e13\",\"name\":\"internewskosova\",\"image\":{\"@type\":\"ImageObject\",\"inLanguage\":\"sq-AL\",\"@id\":\"https:\/\/internewskosova.org\/#\/schema\/person\/image\/\",\"url\":\"https:\/\/secure.gravatar.com\/avatar\/42b3f84333815029cec0ac9d3a126330?s=96&d=mm&r=g\",\"contentUrl\":\"https:\/\/secure.gravatar.com\/avatar\/42b3f84333815029cec0ac9d3a126330?s=96&d=mm&r=g\",\"caption\":\"internewskosova\"},\"url\":\"https:\/\/internewskosova.org\/sq_al\/author\/internewskosova\/\"}]}<\/script>\n<!-- \/ Yoast SEO plugin. -->","yoast_head_json":{"title":"Internews Kosova organizoi trajnim me student\u00eb t\u00eb kolegjit privat n\u00eb fush\u00ebn e verifikimit t\u00eb fakteve","robots":{"index":"index","follow":"follow","max-snippet":"max-snippet:-1","max-image-preview":"max-image-preview:large","max-video-preview":"max-video-preview:-1"},"canonical":"https:\/\/internewskosova.org\/sq_al\/internews-kosova-organizoi-trajnim-me-studente-te-kolegjit-privat-ne-fushen-e-verifikimit-te-fakteve\/","og_locale":"sq_AL","og_type":"article","og_title":"Internews Kosova organizoi trajnim me student\u00eb t\u00eb kolegjit privat n\u00eb fush\u00ebn e verifikimit t\u00eb fakteve","og_description":"Me 2 maj 2024, Internews Kosova mbajti sesion trajnimi me student\u00ebt e Kolegjit AAB n\u00eb Prishtin\u00eb, n\u00eb fush\u00ebn e verifikimit t\u00eb fakteve. Ky trajnim i implementuar nga Internews Kosova \u00ebsht\u00eb pjes\u00eb e projektit \u2018\u2019Fuqizimi i integritetit t\u00eb mediave: Promovimi i Fact-Checking dhe luftimi i dezinformimit n\u00eb Kosov\u00eb\u2019\u2019, financuar nga Bashkimi Europian, CFI (Agjensioni p\u00ebr Zhvillimin [&hellip;]","og_url":"https:\/\/internewskosova.org\/sq_al\/internews-kosova-organizoi-trajnim-me-studente-te-kolegjit-privat-ne-fushen-e-verifikimit-te-fakteve\/","og_site_name":"Internews Kosova","article_published_time":"2024-05-07T11:44:27+00:00","og_image":[{"width":2560,"height":1920,"url":"http:\/\/internewskosova.org\/wp-content\/uploads\/2024\/05\/20240502_112637-scaled.jpg","type":"image\/jpeg"}],"author":"internewskosova","twitter_card":"summary_large_image","twitter_misc":{"Written by":"internewskosova","Est. reading time":"2 minutes"},"schema":{"@context":"https:\/\/schema.org","@graph":[{"@type":"WebPage","@id":"https:\/\/internewskosova.org\/internews-kosova-organizoi-trajnim-me-studente-te-kolegjit-privat-ne-fushen-e-verifikimit-te-fakteve\/","url":"https:\/\/internewskosova.org\/internews-kosova-organizoi-trajnim-me-studente-te-kolegjit-privat-ne-fushen-e-verifikimit-te-fakteve\/","name":"Internews Kosova organizoi trajnim me student\u00eb t\u00eb kolegjit privat n\u00eb fush\u00ebn e verifikimit t\u00eb fakteve","isPartOf":{"@id":"https:\/\/internewskosova.org\/#website"},"primaryImageOfPage":{"@id":"https:\/\/internewskosova.org\/internews-kosova-organizoi-trajnim-me-studente-te-kolegjit-privat-ne-fushen-e-verifikimit-te-fakteve\/#primaryimage"},"image":{"@id":"https:\/\/internewskosova.org\/internews-kosova-organizoi-trajnim-me-studente-te-kolegjit-privat-ne-fushen-e-verifikimit-te-fakteve\/#primaryimage"},"thumbnailUrl":"https:\/\/internewskosova.org\/wp-content\/uploads\/2024\/05\/20240502_112637-scaled.jpg","datePublished":"2024-05-07T11:44:27+00:00","author":{"@id":"https:\/\/internewskosova.org\/#\/schema\/person\/df061921b05fb4846fa727287c760e13"},"breadcrumb":{"@id":"https:\/\/internewskosova.org\/internews-kosova-organizoi-trajnim-me-studente-te-kolegjit-privat-ne-fushen-e-verifikimit-te-fakteve\/#breadcrumb"},"inLanguage":"sq-AL","potentialAction":[{"@type":"ReadAction","target":["https:\/\/internewskosova.org\/internews-kosova-organizoi-trajnim-me-studente-te-kolegjit-privat-ne-fushen-e-verifikimit-te-fakteve\/"]}]},{"@type":"ImageObject","inLanguage":"sq-AL","@id":"https:\/\/internewskosova.org\/internews-kosova-organizoi-trajnim-me-studente-te-kolegjit-privat-ne-fushen-e-verifikimit-te-fakteve\/#primaryimage","url":"https:\/\/internewskosova.org\/wp-content\/uploads\/2024\/05\/20240502_112637-scaled.jpg","contentUrl":"https:\/\/internewskosova.org\/wp-content\/uploads\/2024\/05\/20240502_112637-scaled.jpg","width":2560,"height":1920},{"@type":"BreadcrumbList","@id":"https:\/\/internewskosova.org\/internews-kosova-organizoi-trajnim-me-studente-te-kolegjit-privat-ne-fushen-e-verifikimit-te-fakteve\/#breadcrumb","itemListElement":[{"@type":"ListItem","position":1,"name":"Home","item":"https:\/\/internewskosova.org\/"},{"@type":"ListItem","position":2,"name":"Internews Kosova organizoi trajnim me student\u00eb t\u00eb kolegjit privat n\u00eb fush\u00ebn e verifikimit t\u00eb fakteve"}]},{"@type":"WebSite","@id":"https:\/\/internewskosova.org\/#website","url":"https:\/\/internewskosova.org\/","name":"Internews Kosova","description":"","potentialAction":[{"@type":"SearchAction","target":{"@type":"EntryPoint","urlTemplate":"https:\/\/internewskosova.org\/?s={search_term_string}"},"query-input":{"@type":"PropertyValueSpecification","valueRequired":true,"valueName":"search_term_string"}}],"inLanguage":"sq-AL"},{"@type":"Person","@id":"https:\/\/internewskosova.org\/#\/schema\/person\/df061921b05fb4846fa727287c760e13","name":"internewskosova","image":{"@type":"ImageObject","inLanguage":"sq-AL","@id":"https:\/\/internewskosova.org\/#\/schema\/person\/image\/","url":"https:\/\/secure.gravatar.com\/avatar\/42b3f84333815029cec0ac9d3a126330?s=96&d=mm&r=g","contentUrl":"https:\/\/secure.gravatar.com\/avatar\/42b3f84333815029cec0ac9d3a126330?s=96&d=mm&r=g","caption":"internewskosova"},"url":"https:\/\/internewskosova.org\/sq_al\/author\/internewskosova\/"}]}},"_links":{"self":[{"href":"https:\/\/internewskosova.org\/sq_al\/wp-json\/wp\/v2\/posts\/2532","targetHints":{"allow":["GET"]}}],"collection":[{"href":"https:\/\/internewskosova.org\/sq_al\/wp-json\/wp\/v2\/posts"}],"about":[{"href":"https:\/\/internewskosova.org\/sq_al\/wp-json\/wp\/v2\/types\/post"}],"author":[{"embeddable":true,"href":"https:\/\/internewskosova.org\/sq_al\/wp-json\/wp\/v2\/users\/1"}],"replies":[{"embeddable":true,"href":"https:\/\/internewskosova.org\/sq_al\/wp-json\/wp\/v2\/comments?post=2532"}],"version-history":[{"count":1,"href":"https:\/\/internewskosova.org\/sq_al\/wp-json\/wp\/v2\/posts\/2532\/revisions"}],"predecessor-version":[{"id":2534,"href":"https:\/\/internewskosova.org\/sq_al\/wp-json\/wp\/v2\/posts\/2532\/revisions\/2534"}],"wp:featuredmedia":[{"embeddable":true,"href":"https:\/\/internewskosova.org\/sq_al\/wp-json\/wp\/v2\/media\/2533"}],"wp:attachment":[{"href":"https:\/\/internewskosova.org\/sq_al\/wp-json\/wp\/v2\/media?parent=2532"}],"wp:term":[{"taxonomy":"category","embeddable":true,"href":"https:\/\/internewskosova.org\/sq_al\/wp-json\/wp\/v2\/categories?post=2532"},{"taxonomy":"post_tag","embeddable":true,"href":"https:\/\/internewskosova.org\/sq_al\/wp-json\/wp\/v2\/tags?post=2532"}],"curies":[{"name":"wp","href":"https:\/\/api.w.org\/{rel}","templated":true}]}}