{"id":2601,"date":"2024-11-21T09:21:19","date_gmt":"2024-11-21T09:21:19","guid":{"rendered":"https:\/\/internewskosova.org\/?p=2601"},"modified":"2024-11-21T09:21:19","modified_gmt":"2024-11-21T09:21:19","slug":"internews-kosova-dhe-birn-serbia-organizuan-viziten-e-dyte-studimore-te-gazetareve-ne-kosove-dhe-serbi","status":"publish","type":"post","link":"https:\/\/internewskosova.org\/sq_al\/internews-kosova-dhe-birn-serbia-organizuan-viziten-e-dyte-studimore-te-gazetareve-ne-kosove-dhe-serbi\/","title":{"rendered":"Internews Kosova dhe BIRN Serbia organizuan vizit\u00ebn e dyt\u00eb studimore t\u00eb gazetar\u00ebve n\u00eb Kosov\u00eb dhe Serbi"},"content":{"rendered":"<p>Nga 3 deri m\u00eb 8 n\u00ebntor 2024 \u00ebsht\u00eb organizuar vizita e dyt\u00eb studimore p\u00ebr 14 gazetar\u00ebt nga Kosova dhe Serbia. Programi ka p\u00ebrfshir\u00eb vizita n\u00eb monumente dhe objekte kulturore si dhe takime me p\u00ebrfaq\u00ebsues t\u00eb institucioneve, shoq\u00ebris\u00eb civile dhe gazetar\u00eb nga t\u00eb dyja vendet.<\/p>\n<p>Udh\u00ebtimi \u00ebsht\u00eb hapur me takimin mikprit\u00ebs t\u00eb gazetar\u00ebve n\u00eb Reporting House &#8211; ekspozit\u00eb\u00a0 e prodhuar nga BIRN Kosova dhe Paper Gallery ku shfaqen pamje nga reporter\u00eb dhe fotoreporter\u00eb vendor\u00eb dhe nd\u00ebrkomb\u00ebtar\u00eb, t\u00eb cil\u00ebt kan\u00eb p\u00ebrcjellur ngjarjet gjat\u00eb luft\u00ebs s\u00eb fundit n\u00eb Kosov\u00eb. Gazetar\u00ebt nga Serbia dhe Kosova vizituan ekspozit\u00ebn dhe m\u00eb pas u ftuan p\u00ebr nj\u00eb diskutim me Cyprien Francois, kryek\u00ebshilltar politik i ambasadorit t\u00eb Bashkimit Europian n\u00eb Kosov\u00eb, Aivo Orav dhe Klisman Kadiu, k\u00ebshilltar p\u00ebr media i z\u00ebvend\u00ebskryeministrit t\u00eb Kosov\u00ebs Besnik Bislimi, mbi marr\u00ebdh\u00ebnien e institucioneve me median dhe programet e BE-s\u00eb n\u00eb form\u00ebsimin e mediave profesionale n\u00eb Kosov\u00eb.<\/p>\n<p>N\u00eb dit\u00ebn e dyt\u00eb, vizita e gazetar\u00ebve vazhdoi n\u00eb takimin me Elbert Krasniqin, minist\u00ebr i Administrimit t\u00eb Pushtetit Lokal, n\u00eb t\u00eb cilin gazetar\u00ebt u njoftuan me pun\u00ebn e ministris\u00eb dhe raportin e tyre me komunitetet jo-shumic\u00eb. Pas k\u00ebtij takimi interaktiv gazetar\u00ebt nga Kosova dhe Serbia vizituan Qendr\u00ebn e Dokumentimit nga Fondi p\u00ebr t\u00eb Drejt\u00ebn Humanitare n\u00eb Kosov\u00eb dhe ekspozitat \u201cNa ishte nj\u00eb her\u00eb q\u00eb kurr\u00eb mos qoft\u00eb\u201d kushtuar f\u00ebmij\u00ebve dhe t\u00eb rinjve t\u00eb vrar\u00eb gjat\u00eb luft\u00ebs s\u00eb vitit 1999 n\u00eb Kosov\u00eb, si dhe ekspozit\u00ebn \u201cNj\u00eb dit\u00eb\u201d e cila portretizon jet\u00ebn e grave shtatz\u00ebna gjat\u00eb k\u00ebsaj periudhe.<\/p>\n<p>N\u00eb Fondin p\u00ebr t\u00eb Drejt\u00ebn Humanitare n\u00eb Kosov\u00eb, gazetar\u00ebt u prit\u00ebn nga Bekim Blakaj, drejtor i FDHK-s\u00eb, Blerta Hocia, kuratore e ekspozitave, dhe Vesa Qena, menaxhere e Qendr\u00ebs s\u00eb Dokumentimit.<\/p>\n<p>Gjat\u00eb vizit\u00ebs n\u00eb Kosov\u00eb, gazetar\u00ebt pat\u00ebn mund\u00ebsin\u00eb t\u00eb takohen me gazetar\u00eb dhe shoq\u00ebrin\u00eb civile n\u00eb Mitrovic\u00ebn e Veriut n\u00eb OJQ Aktiv, dhe me drejtorin e Radio Gorazdevac, Darko Dimitrijevic n\u00eb Gorazhdec t\u00eb Pej\u00ebs. K\u00ebto takime pat\u00ebn q\u00ebllim informimin e gazetar\u00ebve rreth r\u00ebnd\u00ebsis\u00eb s\u00eb mediave dhe shoq\u00ebris\u00eb civile t\u00eb komuniteteve jo-shumic\u00eb n\u00eb Kosov\u00eb dhe synuan t\u00eb krijojn\u00eb nj\u00eb pasqyr\u00eb t\u00eb jetes\u00ebs s\u00eb p\u00ebrbashk\u00ebt t\u00eb komuniteteve dhe marr\u00ebdh\u00ebnieve t\u00eb tyre me institucionet e Kosov\u00ebs.<\/p>\n<p>N\u00eb dit\u00ebn e tret\u00eb, grupi i gazetar\u00ebve u prit nga Gazmend Muhaxheri, kryetar i Komun\u00ebs s\u00eb Pej\u00ebs, Xhenet Syka Kelmendi, drejtoresh\u00eb e Kultur\u00ebs n\u00eb Pej\u00eb dhe Mirzhet Dzhogoviq, n\u00ebnkryetar p\u00ebr Komunitete n\u00eb Komun\u00ebn e Pej\u00ebs, p\u00ebr t\u00eb diskutuar rreth shp\u00ebrndarjes s\u00eb subvencioneve, pun\u00ebn e Komun\u00ebs s\u00eb Pej\u00ebs p\u00ebr nj\u00eb mir\u00ebqenie t\u00eb qytetar\u00ebve dhe resurset kulturore t\u00eb k\u00ebsaj komune.<\/p>\n<p>Vizita studimore e gazetar\u00ebve p\u00ebrfshiu edhe vizita n\u00eb monumentet fetare q\u00eb simbolizojn\u00eb nj\u00eb pjes\u00eb t\u00eb kultur\u00ebs s\u00eb vendit. K\u00ebto vizita u zhvilluan n\u00eb Patrikanin e Pej\u00ebs dhe Manastirin e Gra\u00e7anic\u00ebs ku ciceron\u00ebt shpjeguan historin\u00eb e objekteve fetare.<\/p>\n<p>N\u00eb mesin e dit\u00ebs s\u00eb tret\u00eb gazetar\u00ebt udh\u00ebtuan p\u00ebr n\u00eb Serbi dhe p\u00ebrgjat\u00eb dit\u00ebs s\u00eb kat\u00ebrt, pes\u00eb dhe gjasht\u00eb pat\u00ebn mund\u00ebsi t\u00eb takoheshin me shoq\u00ebrin\u00eb civile dhe gazetar\u00eb nga Bujanoci si dhe me Arb\u00ebr Pajazitin, kryetar i Bujanocit, p\u00ebr t\u00eb vazhduar me programin e njohjes s\u00eb sfidave dhe p\u00ebrpar\u00ebsive t\u00eb bashk\u00ebjetes\u00ebs s\u00eb dy komuniteteve n\u00eb vend. N\u00eb Beograd dhe n\u00eb Novi Sad, gazetar\u00ebt nga Kosova dhe Serbia zhvilluan takime me raportues t\u00eb \u00e7\u00ebshtjeve t\u00eb marr\u00ebdh\u00ebnieve midis Kosov\u00ebs dhe Serbis\u00eb dhe shoq\u00ebrin\u00eb civile t\u00eb cilat veprimtarin\u00eb e fokusojn\u00eb n\u00eb pajtimin dhe forcimin e bashk\u00ebpunimit midis kosovar\u00ebve dhe serb\u00ebve.<\/p>\n<p>P\u00ebr m\u00eb shum\u00eb, gazetar\u00ebt vizituan Kalan\u00eb e Kalemegdanit n\u00eb Beograd dhe Kalan\u00eb e Pedrovaranit n\u00eb Novi Sad.<\/p>\n<p>Gjat\u00eb gjith\u00eb k\u00ebtij udh\u00ebtimi gazetar\u00ebt parashtruan pyetje n\u00eb takimet me p\u00ebrfaq\u00ebsues t\u00eb institucioneve dhe arrit\u00ebn t\u00eb krijojn\u00eb kontakte t\u00eb reja duke p\u00ebrfshir\u00eb gazetar\u00ebt nga komuniteti tjet\u00ebr p\u00ebr bashk\u00ebpunime potenciale n\u00eb t\u00eb ardhmen.<\/p>\n<p>Gjeni <a href=\"https:\/\/www.youtube.com\/watch?v=JThYvtrY9Ck\">k\u00ebtu<\/a> dokumentarin nga vizita e par\u00eb e k\u00ebtij lloji e mbajtur n\u00eb qershor t\u00eb 2024-\u00ebs.<\/p>\n<p><em>Programi i vizit\u00ebs studimore t\u00eb gazetar\u00ebve u b\u00eb i mundur n\u00eb kuad\u00ebr t\u00eb projektit \u201cNxitja e shk\u00ebmbimit mediatik nd\u00ebrkulturor si nj\u00eb moment historik drejt nj\u00eb procesi t\u00eb pajtimit\u201d i financuar nga Bashkimi Europian dhe i implementuar nga Internews Kosova dhe BIRN Serbia.<\/em><\/p>","protected":false},"excerpt":{"rendered":"<p>Nga 3 deri m\u00eb 8 n\u00ebntor 2024 \u00ebsht\u00eb organizuar vizita e dyt\u00eb studimore p\u00ebr 14 gazetar\u00ebt nga Kosova dhe Serbia. Programi ka p\u00ebrfshir\u00eb vizita n\u00eb monumente dhe objekte kulturore si dhe takime me p\u00ebrfaq\u00ebsues t\u00eb institucioneve, shoq\u00ebris\u00eb civile dhe gazetar\u00eb nga t\u00eb dyja vendet. Udh\u00ebtimi \u00ebsht\u00eb hapur me takimin mikprit\u00ebs t\u00eb gazetar\u00ebve n\u00eb Reporting House [&hellip;]<\/p>","protected":false},"author":1,"featured_media":2602,"comment_status":"closed","ping_status":"closed","sticky":false,"template":"","format":"standard","meta":{"_FSMCFIC_featured_image_caption":"","_FSMCFIC_featured_image_nocaption":"","_FSMCFIC_featured_image_hide":"","footnotes":""},"categories":[18],"tags":[],"class_list":["post-2601","post","type-post","status-publish","format-standard","has-post-thumbnail","hentry","category-lajmet"],"yoast_head":"<!-- This site is optimized with the Yoast SEO plugin v24.9 - https:\/\/yoast.com\/wordpress\/plugins\/seo\/ -->\n<title>Internews Kosova dhe BIRN Serbia organizuan vizit\u00ebn e dyt\u00eb studimore t\u00eb gazetar\u00ebve n\u00eb Kosov\u00eb dhe Serbi<\/title>\n<meta name=\"robots\" content=\"index, follow, max-snippet:-1, max-image-preview:large, max-video-preview:-1\" \/>\n<link rel=\"canonical\" href=\"https:\/\/internewskosova.org\/sq_al\/internews-kosova-dhe-birn-serbia-organizuan-viziten-e-dyte-studimore-te-gazetareve-ne-kosove-dhe-serbi\/\" \/>\n<meta property=\"og:locale\" content=\"sq_AL\" \/>\n<meta property=\"og:type\" content=\"article\" \/>\n<meta property=\"og:title\" content=\"Internews Kosova dhe BIRN Serbia organizuan vizit\u00ebn e dyt\u00eb studimore t\u00eb gazetar\u00ebve n\u00eb Kosov\u00eb dhe Serbi\" \/>\n<meta property=\"og:description\" content=\"Nga 3 deri m\u00eb 8 n\u00ebntor 2024 \u00ebsht\u00eb organizuar vizita e dyt\u00eb studimore p\u00ebr 14 gazetar\u00ebt nga Kosova dhe Serbia. Programi ka p\u00ebrfshir\u00eb vizita n\u00eb monumente dhe objekte kulturore si dhe takime me p\u00ebrfaq\u00ebsues t\u00eb institucioneve, shoq\u00ebris\u00eb civile dhe gazetar\u00eb nga t\u00eb dyja vendet. Udh\u00ebtimi \u00ebsht\u00eb hapur me takimin mikprit\u00ebs t\u00eb gazetar\u00ebve n\u00eb Reporting House [&hellip;]\" \/>\n<meta property=\"og:url\" content=\"https:\/\/internewskosova.org\/sq_al\/internews-kosova-dhe-birn-serbia-organizuan-viziten-e-dyte-studimore-te-gazetareve-ne-kosove-dhe-serbi\/\" \/>\n<meta property=\"og:site_name\" content=\"Internews Kosova\" \/>\n<meta property=\"article:published_time\" content=\"2024-11-21T09:21:19+00:00\" \/>\n<meta property=\"og:image\" content=\"http:\/\/internewskosova.org\/wp-content\/uploads\/2024\/11\/study-visit-scaled.jpg\" \/>\n\t<meta property=\"og:image:width\" content=\"2560\" \/>\n\t<meta property=\"og:image:height\" content=\"1710\" \/>\n\t<meta property=\"og:image:type\" content=\"image\/jpeg\" \/>\n<meta name=\"author\" content=\"internewskosova\" \/>\n<meta name=\"twitter:card\" content=\"summary_large_image\" \/>\n<meta name=\"twitter:label1\" content=\"Written by\" \/>\n\t<meta name=\"twitter:data1\" content=\"internewskosova\" \/>\n\t<meta name=\"twitter:label2\" content=\"Est. reading time\" \/>\n\t<meta name=\"twitter:data2\" content=\"4 minutes\" \/>\n<script type=\"application\/ld+json\" class=\"yoast-schema-graph\">{\"@context\":\"https:\/\/schema.org\",\"@graph\":[{\"@type\":\"WebPage\",\"@id\":\"https:\/\/internewskosova.org\/internews-kosova-dhe-birn-serbia-organizuan-viziten-e-dyte-studimore-te-gazetareve-ne-kosove-dhe-serbi\/\",\"url\":\"https:\/\/internewskosova.org\/internews-kosova-dhe-birn-serbia-organizuan-viziten-e-dyte-studimore-te-gazetareve-ne-kosove-dhe-serbi\/\",\"name\":\"Internews Kosova dhe BIRN Serbia organizuan vizit\u00ebn e dyt\u00eb studimore t\u00eb gazetar\u00ebve n\u00eb Kosov\u00eb dhe Serbi\",\"isPartOf\":{\"@id\":\"https:\/\/internewskosova.org\/#website\"},\"primaryImageOfPage\":{\"@id\":\"https:\/\/internewskosova.org\/internews-kosova-dhe-birn-serbia-organizuan-viziten-e-dyte-studimore-te-gazetareve-ne-kosove-dhe-serbi\/#primaryimage\"},\"image\":{\"@id\":\"https:\/\/internewskosova.org\/internews-kosova-dhe-birn-serbia-organizuan-viziten-e-dyte-studimore-te-gazetareve-ne-kosove-dhe-serbi\/#primaryimage\"},\"thumbnailUrl\":\"https:\/\/internewskosova.org\/wp-content\/uploads\/2024\/11\/study-visit-scaled.jpg\",\"datePublished\":\"2024-11-21T09:21:19+00:00\",\"author\":{\"@id\":\"https:\/\/internewskosova.org\/#\/schema\/person\/df061921b05fb4846fa727287c760e13\"},\"breadcrumb\":{\"@id\":\"https:\/\/internewskosova.org\/internews-kosova-dhe-birn-serbia-organizuan-viziten-e-dyte-studimore-te-gazetareve-ne-kosove-dhe-serbi\/#breadcrumb\"},\"inLanguage\":\"sq-AL\",\"potentialAction\":[{\"@type\":\"ReadAction\",\"target\":[\"https:\/\/internewskosova.org\/internews-kosova-dhe-birn-serbia-organizuan-viziten-e-dyte-studimore-te-gazetareve-ne-kosove-dhe-serbi\/\"]}]},{\"@type\":\"ImageObject\",\"inLanguage\":\"sq-AL\",\"@id\":\"https:\/\/internewskosova.org\/internews-kosova-dhe-birn-serbia-organizuan-viziten-e-dyte-studimore-te-gazetareve-ne-kosove-dhe-serbi\/#primaryimage\",\"url\":\"https:\/\/internewskosova.org\/wp-content\/uploads\/2024\/11\/study-visit-scaled.jpg\",\"contentUrl\":\"https:\/\/internewskosova.org\/wp-content\/uploads\/2024\/11\/study-visit-scaled.jpg\",\"width\":2560,\"height\":1710},{\"@type\":\"BreadcrumbList\",\"@id\":\"https:\/\/internewskosova.org\/internews-kosova-dhe-birn-serbia-organizuan-viziten-e-dyte-studimore-te-gazetareve-ne-kosove-dhe-serbi\/#breadcrumb\",\"itemListElement\":[{\"@type\":\"ListItem\",\"position\":1,\"name\":\"Home\",\"item\":\"https:\/\/internewskosova.org\/\"},{\"@type\":\"ListItem\",\"position\":2,\"name\":\"Internews Kosova dhe BIRN Serbia organizuan vizit\u00ebn e dyt\u00eb studimore t\u00eb gazetar\u00ebve n\u00eb Kosov\u00eb dhe Serbi\"}]},{\"@type\":\"WebSite\",\"@id\":\"https:\/\/internewskosova.org\/#website\",\"url\":\"https:\/\/internewskosova.org\/\",\"name\":\"Internews Kosova\",\"description\":\"\",\"potentialAction\":[{\"@type\":\"SearchAction\",\"target\":{\"@type\":\"EntryPoint\",\"urlTemplate\":\"https:\/\/internewskosova.org\/?s={search_term_string}\"},\"query-input\":{\"@type\":\"PropertyValueSpecification\",\"valueRequired\":true,\"valueName\":\"search_term_string\"}}],\"inLanguage\":\"sq-AL\"},{\"@type\":\"Person\",\"@id\":\"https:\/\/internewskosova.org\/#\/schema\/person\/df061921b05fb4846fa727287c760e13\",\"name\":\"internewskosova\",\"image\":{\"@type\":\"ImageObject\",\"inLanguage\":\"sq-AL\",\"@id\":\"https:\/\/internewskosova.org\/#\/schema\/person\/image\/\",\"url\":\"https:\/\/secure.gravatar.com\/avatar\/42b3f84333815029cec0ac9d3a126330?s=96&d=mm&r=g\",\"contentUrl\":\"https:\/\/secure.gravatar.com\/avatar\/42b3f84333815029cec0ac9d3a126330?s=96&d=mm&r=g\",\"caption\":\"internewskosova\"},\"url\":\"https:\/\/internewskosova.org\/sq_al\/author\/internewskosova\/\"}]}<\/script>\n<!-- \/ Yoast SEO plugin. -->","yoast_head_json":{"title":"Internews Kosova dhe BIRN Serbia organizuan vizit\u00ebn e dyt\u00eb studimore t\u00eb gazetar\u00ebve n\u00eb Kosov\u00eb dhe Serbi","robots":{"index":"index","follow":"follow","max-snippet":"max-snippet:-1","max-image-preview":"max-image-preview:large","max-video-preview":"max-video-preview:-1"},"canonical":"https:\/\/internewskosova.org\/sq_al\/internews-kosova-dhe-birn-serbia-organizuan-viziten-e-dyte-studimore-te-gazetareve-ne-kosove-dhe-serbi\/","og_locale":"sq_AL","og_type":"article","og_title":"Internews Kosova dhe BIRN Serbia organizuan vizit\u00ebn e dyt\u00eb studimore t\u00eb gazetar\u00ebve n\u00eb Kosov\u00eb dhe Serbi","og_description":"Nga 3 deri m\u00eb 8 n\u00ebntor 2024 \u00ebsht\u00eb organizuar vizita e dyt\u00eb studimore p\u00ebr 14 gazetar\u00ebt nga Kosova dhe Serbia. Programi ka p\u00ebrfshir\u00eb vizita n\u00eb monumente dhe objekte kulturore si dhe takime me p\u00ebrfaq\u00ebsues t\u00eb institucioneve, shoq\u00ebris\u00eb civile dhe gazetar\u00eb nga t\u00eb dyja vendet. Udh\u00ebtimi \u00ebsht\u00eb hapur me takimin mikprit\u00ebs t\u00eb gazetar\u00ebve n\u00eb Reporting House [&hellip;]","og_url":"https:\/\/internewskosova.org\/sq_al\/internews-kosova-dhe-birn-serbia-organizuan-viziten-e-dyte-studimore-te-gazetareve-ne-kosove-dhe-serbi\/","og_site_name":"Internews Kosova","article_published_time":"2024-11-21T09:21:19+00:00","og_image":[{"width":2560,"height":1710,"url":"http:\/\/internewskosova.org\/wp-content\/uploads\/2024\/11\/study-visit-scaled.jpg","type":"image\/jpeg"}],"author":"internewskosova","twitter_card":"summary_large_image","twitter_misc":{"Written by":"internewskosova","Est. reading time":"4 minutes"},"schema":{"@context":"https:\/\/schema.org","@graph":[{"@type":"WebPage","@id":"https:\/\/internewskosova.org\/internews-kosova-dhe-birn-serbia-organizuan-viziten-e-dyte-studimore-te-gazetareve-ne-kosove-dhe-serbi\/","url":"https:\/\/internewskosova.org\/internews-kosova-dhe-birn-serbia-organizuan-viziten-e-dyte-studimore-te-gazetareve-ne-kosove-dhe-serbi\/","name":"Internews Kosova dhe BIRN Serbia organizuan vizit\u00ebn e dyt\u00eb studimore t\u00eb gazetar\u00ebve n\u00eb Kosov\u00eb dhe Serbi","isPartOf":{"@id":"https:\/\/internewskosova.org\/#website"},"primaryImageOfPage":{"@id":"https:\/\/internewskosova.org\/internews-kosova-dhe-birn-serbia-organizuan-viziten-e-dyte-studimore-te-gazetareve-ne-kosove-dhe-serbi\/#primaryimage"},"image":{"@id":"https:\/\/internewskosova.org\/internews-kosova-dhe-birn-serbia-organizuan-viziten-e-dyte-studimore-te-gazetareve-ne-kosove-dhe-serbi\/#primaryimage"},"thumbnailUrl":"https:\/\/internewskosova.org\/wp-content\/uploads\/2024\/11\/study-visit-scaled.jpg","datePublished":"2024-11-21T09:21:19+00:00","author":{"@id":"https:\/\/internewskosova.org\/#\/schema\/person\/df061921b05fb4846fa727287c760e13"},"breadcrumb":{"@id":"https:\/\/internewskosova.org\/internews-kosova-dhe-birn-serbia-organizuan-viziten-e-dyte-studimore-te-gazetareve-ne-kosove-dhe-serbi\/#breadcrumb"},"inLanguage":"sq-AL","potentialAction":[{"@type":"ReadAction","target":["https:\/\/internewskosova.org\/internews-kosova-dhe-birn-serbia-organizuan-viziten-e-dyte-studimore-te-gazetareve-ne-kosove-dhe-serbi\/"]}]},{"@type":"ImageObject","inLanguage":"sq-AL","@id":"https:\/\/internewskosova.org\/internews-kosova-dhe-birn-serbia-organizuan-viziten-e-dyte-studimore-te-gazetareve-ne-kosove-dhe-serbi\/#primaryimage","url":"https:\/\/internewskosova.org\/wp-content\/uploads\/2024\/11\/study-visit-scaled.jpg","contentUrl":"https:\/\/internewskosova.org\/wp-content\/uploads\/2024\/11\/study-visit-scaled.jpg","width":2560,"height":1710},{"@type":"BreadcrumbList","@id":"https:\/\/internewskosova.org\/internews-kosova-dhe-birn-serbia-organizuan-viziten-e-dyte-studimore-te-gazetareve-ne-kosove-dhe-serbi\/#breadcrumb","itemListElement":[{"@type":"ListItem","position":1,"name":"Home","item":"https:\/\/internewskosova.org\/"},{"@type":"ListItem","position":2,"name":"Internews Kosova dhe BIRN Serbia organizuan vizit\u00ebn e dyt\u00eb studimore t\u00eb gazetar\u00ebve n\u00eb Kosov\u00eb dhe Serbi"}]},{"@type":"WebSite","@id":"https:\/\/internewskosova.org\/#website","url":"https:\/\/internewskosova.org\/","name":"Internews Kosova","description":"","potentialAction":[{"@type":"SearchAction","target":{"@type":"EntryPoint","urlTemplate":"https:\/\/internewskosova.org\/?s={search_term_string}"},"query-input":{"@type":"PropertyValueSpecification","valueRequired":true,"valueName":"search_term_string"}}],"inLanguage":"sq-AL"},{"@type":"Person","@id":"https:\/\/internewskosova.org\/#\/schema\/person\/df061921b05fb4846fa727287c760e13","name":"internewskosova","image":{"@type":"ImageObject","inLanguage":"sq-AL","@id":"https:\/\/internewskosova.org\/#\/schema\/person\/image\/","url":"https:\/\/secure.gravatar.com\/avatar\/42b3f84333815029cec0ac9d3a126330?s=96&d=mm&r=g","contentUrl":"https:\/\/secure.gravatar.com\/avatar\/42b3f84333815029cec0ac9d3a126330?s=96&d=mm&r=g","caption":"internewskosova"},"url":"https:\/\/internewskosova.org\/sq_al\/author\/internewskosova\/"}]}},"_links":{"self":[{"href":"https:\/\/internewskosova.org\/sq_al\/wp-json\/wp\/v2\/posts\/2601","targetHints":{"allow":["GET"]}}],"collection":[{"href":"https:\/\/internewskosova.org\/sq_al\/wp-json\/wp\/v2\/posts"}],"about":[{"href":"https:\/\/internewskosova.org\/sq_al\/wp-json\/wp\/v2\/types\/post"}],"author":[{"embeddable":true,"href":"https:\/\/internewskosova.org\/sq_al\/wp-json\/wp\/v2\/users\/1"}],"replies":[{"embeddable":true,"href":"https:\/\/internewskosova.org\/sq_al\/wp-json\/wp\/v2\/comments?post=2601"}],"version-history":[{"count":1,"href":"https:\/\/internewskosova.org\/sq_al\/wp-json\/wp\/v2\/posts\/2601\/revisions"}],"predecessor-version":[{"id":2603,"href":"https:\/\/internewskosova.org\/sq_al\/wp-json\/wp\/v2\/posts\/2601\/revisions\/2603"}],"wp:featuredmedia":[{"embeddable":true,"href":"https:\/\/internewskosova.org\/sq_al\/wp-json\/wp\/v2\/media\/2602"}],"wp:attachment":[{"href":"https:\/\/internewskosova.org\/sq_al\/wp-json\/wp\/v2\/media?parent=2601"}],"wp:term":[{"taxonomy":"category","embeddable":true,"href":"https:\/\/internewskosova.org\/sq_al\/wp-json\/wp\/v2\/categories?post=2601"},{"taxonomy":"post_tag","embeddable":true,"href":"https:\/\/internewskosova.org\/sq_al\/wp-json\/wp\/v2\/tags?post=2601"}],"curies":[{"name":"wp","href":"https:\/\/api.w.org\/{rel}","templated":true}]}}