{"id":343,"date":"2017-04-29T21:43:15","date_gmt":"2017-04-29T20:43:15","guid":{"rendered":"http:\/\/internewskosova.org\/?p=343"},"modified":"2018-01-25T13:29:38","modified_gmt":"2018-01-25T13:29:38","slug":"emisioni-tema","status":"publish","type":"post","link":"https:\/\/internewskosova.org\/sq_al\/emisioni-tema\/","title":{"rendered":"EMISIONI TEMA"},"content":{"rendered":"<p><img loading=\"lazy\" decoding=\"async\" class=\"wp-image-344 alignleft\" src=\"http:\/\/internewskosova.org\/wp-content\/uploads\/2017\/04\/tema_logo-300x154.jpg\" alt=\"\" width=\"362\" height=\"186\" srcset=\"https:\/\/internewskosova.org\/wp-content\/uploads\/2017\/04\/tema_logo-300x154.jpg 300w, https:\/\/internewskosova.org\/wp-content\/uploads\/2017\/04\/tema_logo.jpg 580w\" sizes=\"auto, (max-width: 362px) 100vw, 362px\" \/><\/p>\n<p class=\"short-text\"><strong>Kosova dhe Serbia flasin pa nd\u00ebrmjet\u00ebs Kryenegociatorja e Kosov\u00ebs, Edita Tahiri, dhe ish-kryenegociatori i Serbis\u00eb, Borisllav Borko Stefanoviq, kan\u00eb pranuar q\u00eb t\u00eb shtjellojn\u00eb para opinionit publik se p\u00ebr \u00e7far\u00eb jan\u00eb pajtuar gjat\u00eb negociatave n\u00eb Bruksel.<\/strong><\/p>\n<div class=\"full-text\">\n<p>&nbsp;<\/p>\n<p>Dy lider\u00ebt politik\u00eb, t\u00eb cil\u00ebt kan\u00eb komunikuar p\u00ebr her\u00eb t\u00eb par\u00eb, pa nd\u00ebrmjet\u00ebsin Robert Cooper, n\u00eb emisionin \u201cTema\u201d, pajtohen se nuk pajtohen edhe p\u00ebr marr\u00ebveshjet q\u00eb kan\u00eb firmosur.<\/p>\n<p>N\u00eb ur\u00ebn e par\u00eb televizive Prishtin\u00eb-Beograd, dy emisar\u00ebt shfaqin mosdurim p\u00ebr nj\u00ebri-tjetrin, derisa polemizojn\u00eb p\u00ebr konceptet politike q\u00eb i p\u00ebrfaq\u00ebsojn\u00eb para opinionit vendas.<\/p>\n<p>Gjat\u00eb debatit, Tahiri e Stefanoviq shfaqin detaje t\u00eb path\u00ebna deri m\u00eb tani n\u00eb publik, lidhur me negociatat p\u00ebr \u00e7\u00ebshtjen e shum\u00ebp\u00ebrfolur t\u00eb Menaxhimit t\u00eb Integruar t\u00eb Kufijve &#8211; IBM; p\u00ebr korrespondenc\u00ebn q\u00eb ka pasur p\u00ebrfaq\u00ebsuesja e Lart\u00eb e BE-s\u00eb, Catherine Ashton, me krer\u00ebt e Serbis\u00eb dhe t\u00eb Kosov\u00ebs; veriun problematik dhe \u00e7\u00ebshtje t\u00eb tjera.<\/p>\n<p>\u201cTema\u201d, e prodhuar nga Internews Kosova dhe Rrjeti Ballkanik i Gazetaris\u00eb Hulumtuese-BIRN, \u00ebsht\u00eb pjes\u00eb e seris\u00eb s\u00eb debateve joformale p\u00ebr dialogun Prishtin\u00eb-Beograd, t\u00eb cilat do t\u00eb transmetohen si n\u00eb Kosov\u00eb, ashtu dhe Serbi, me q\u00ebllim t\u00eb demistifikimit t\u00eb procesit t\u00eb bisedimeve nd\u00ebrmjet dy vendeve.<\/p>\n<\/div>","protected":false},"excerpt":{"rendered":"<p>Kosova dhe Serbia flasin pa nd\u00ebrmjet\u00ebs Kryenegociatorja e Kosov\u00ebs, Edita Tahiri, dhe ish-kryenegociatori i Serbis\u00eb, Borisllav Borko Stefanoviq, kan\u00eb pranuar q\u00eb t\u00eb shtjellojn\u00eb para opinionit publik se p\u00ebr \u00e7far\u00eb jan\u00eb pajtuar gjat\u00eb negociatave n\u00eb Bruksel. &nbsp; Dy lider\u00ebt politik\u00eb, t\u00eb cil\u00ebt kan\u00eb komunikuar p\u00ebr her\u00eb t\u00eb par\u00eb, pa nd\u00ebrmjet\u00ebsin Robert Cooper, n\u00eb emisionin \u201cTema\u201d, pajtohen [&hellip;]<\/p>","protected":false},"author":1,"featured_media":829,"comment_status":"open","ping_status":"open","sticky":false,"template":"","format":"standard","meta":{"_FSMCFIC_featured_image_caption":"","_FSMCFIC_featured_image_nocaption":"","_FSMCFIC_featured_image_hide":"","footnotes":""},"categories":[18],"tags":[],"class_list":["post-343","post","type-post","status-publish","format-standard","has-post-thumbnail","hentry","category-lajmet"],"yoast_head":"<!-- This site is optimized with the Yoast SEO plugin v24.9 - https:\/\/yoast.com\/wordpress\/plugins\/seo\/ -->\n<title>EMISIONI TEMA<\/title>\n<meta name=\"robots\" content=\"index, follow, max-snippet:-1, max-image-preview:large, max-video-preview:-1\" \/>\n<link rel=\"canonical\" href=\"https:\/\/internewskosova.org\/sq_al\/emisioni-tema\/\" \/>\n<meta property=\"og:locale\" content=\"sq_AL\" \/>\n<meta property=\"og:type\" content=\"article\" \/>\n<meta property=\"og:title\" content=\"EMISIONI TEMA\" \/>\n<meta property=\"og:description\" content=\"Kosova dhe Serbia flasin pa nd\u00ebrmjet\u00ebs Kryenegociatorja e Kosov\u00ebs, Edita Tahiri, dhe ish-kryenegociatori i Serbis\u00eb, Borisllav Borko Stefanoviq, kan\u00eb pranuar q\u00eb t\u00eb shtjellojn\u00eb para opinionit publik se p\u00ebr \u00e7far\u00eb jan\u00eb pajtuar gjat\u00eb negociatave n\u00eb Bruksel. &nbsp; Dy lider\u00ebt politik\u00eb, t\u00eb cil\u00ebt kan\u00eb komunikuar p\u00ebr her\u00eb t\u00eb par\u00eb, pa nd\u00ebrmjet\u00ebsin Robert Cooper, n\u00eb emisionin \u201cTema\u201d, pajtohen [&hellip;]\" \/>\n<meta property=\"og:url\" content=\"https:\/\/internewskosova.org\/sq_al\/emisioni-tema\/\" \/>\n<meta property=\"og:site_name\" content=\"Internews Kosova\" \/>\n<meta property=\"article:published_time\" content=\"2017-04-29T20:43:15+00:00\" \/>\n<meta property=\"article:modified_time\" content=\"2018-01-25T13:29:38+00:00\" \/>\n<meta property=\"og:image\" content=\"https:\/\/internewskosova.org\/wp-content\/uploads\/2017\/05\/tema2.jpg\" \/>\n\t<meta property=\"og:image:width\" content=\"400\" \/>\n\t<meta property=\"og:image:height\" content=\"205\" \/>\n\t<meta property=\"og:image:type\" content=\"image\/jpeg\" \/>\n<meta name=\"author\" content=\"internewskosova\" \/>\n<meta name=\"twitter:card\" content=\"summary_large_image\" \/>\n<meta name=\"twitter:label1\" content=\"Written by\" \/>\n\t<meta name=\"twitter:data1\" content=\"internewskosova\" \/>\n\t<meta name=\"twitter:label2\" content=\"Est. reading time\" \/>\n\t<meta name=\"twitter:data2\" content=\"1 minute\" \/>\n<script type=\"application\/ld+json\" class=\"yoast-schema-graph\">{\"@context\":\"https:\/\/schema.org\",\"@graph\":[{\"@type\":\"WebPage\",\"@id\":\"https:\/\/internewskosova.org\/emisioni-tema\/\",\"url\":\"https:\/\/internewskosova.org\/emisioni-tema\/\",\"name\":\"EMISIONI TEMA\",\"isPartOf\":{\"@id\":\"https:\/\/internewskosova.org\/#website\"},\"primaryImageOfPage\":{\"@id\":\"https:\/\/internewskosova.org\/emisioni-tema\/#primaryimage\"},\"image\":{\"@id\":\"https:\/\/internewskosova.org\/emisioni-tema\/#primaryimage\"},\"thumbnailUrl\":\"https:\/\/internewskosova.org\/wp-content\/uploads\/2017\/05\/tema2.jpg\",\"datePublished\":\"2017-04-29T20:43:15+00:00\",\"dateModified\":\"2018-01-25T13:29:38+00:00\",\"author\":{\"@id\":\"https:\/\/internewskosova.org\/#\/schema\/person\/df061921b05fb4846fa727287c760e13\"},\"breadcrumb\":{\"@id\":\"https:\/\/internewskosova.org\/emisioni-tema\/#breadcrumb\"},\"inLanguage\":\"sq-AL\",\"potentialAction\":[{\"@type\":\"ReadAction\",\"target\":[\"https:\/\/internewskosova.org\/emisioni-tema\/\"]}]},{\"@type\":\"ImageObject\",\"inLanguage\":\"sq-AL\",\"@id\":\"https:\/\/internewskosova.org\/emisioni-tema\/#primaryimage\",\"url\":\"https:\/\/internewskosova.org\/wp-content\/uploads\/2017\/05\/tema2.jpg\",\"contentUrl\":\"https:\/\/internewskosova.org\/wp-content\/uploads\/2017\/05\/tema2.jpg\",\"width\":400,\"height\":205},{\"@type\":\"BreadcrumbList\",\"@id\":\"https:\/\/internewskosova.org\/emisioni-tema\/#breadcrumb\",\"itemListElement\":[{\"@type\":\"ListItem\",\"position\":1,\"name\":\"Home\",\"item\":\"https:\/\/internewskosova.org\/\"},{\"@type\":\"ListItem\",\"position\":2,\"name\":\"EMISIONI TEMA\"}]},{\"@type\":\"WebSite\",\"@id\":\"https:\/\/internewskosova.org\/#website\",\"url\":\"https:\/\/internewskosova.org\/\",\"name\":\"Internews Kosova\",\"description\":\"\",\"potentialAction\":[{\"@type\":\"SearchAction\",\"target\":{\"@type\":\"EntryPoint\",\"urlTemplate\":\"https:\/\/internewskosova.org\/?s={search_term_string}\"},\"query-input\":{\"@type\":\"PropertyValueSpecification\",\"valueRequired\":true,\"valueName\":\"search_term_string\"}}],\"inLanguage\":\"sq-AL\"},{\"@type\":\"Person\",\"@id\":\"https:\/\/internewskosova.org\/#\/schema\/person\/df061921b05fb4846fa727287c760e13\",\"name\":\"internewskosova\",\"image\":{\"@type\":\"ImageObject\",\"inLanguage\":\"sq-AL\",\"@id\":\"https:\/\/internewskosova.org\/#\/schema\/person\/image\/\",\"url\":\"https:\/\/secure.gravatar.com\/avatar\/42b3f84333815029cec0ac9d3a126330?s=96&d=mm&r=g\",\"contentUrl\":\"https:\/\/secure.gravatar.com\/avatar\/42b3f84333815029cec0ac9d3a126330?s=96&d=mm&r=g\",\"caption\":\"internewskosova\"},\"url\":\"https:\/\/internewskosova.org\/sq_al\/author\/internewskosova\/\"}]}<\/script>\n<!-- \/ Yoast SEO plugin. -->","yoast_head_json":{"title":"EMISIONI TEMA","robots":{"index":"index","follow":"follow","max-snippet":"max-snippet:-1","max-image-preview":"max-image-preview:large","max-video-preview":"max-video-preview:-1"},"canonical":"https:\/\/internewskosova.org\/sq_al\/emisioni-tema\/","og_locale":"sq_AL","og_type":"article","og_title":"EMISIONI TEMA","og_description":"Kosova dhe Serbia flasin pa nd\u00ebrmjet\u00ebs Kryenegociatorja e Kosov\u00ebs, Edita Tahiri, dhe ish-kryenegociatori i Serbis\u00eb, Borisllav Borko Stefanoviq, kan\u00eb pranuar q\u00eb t\u00eb shtjellojn\u00eb para opinionit publik se p\u00ebr \u00e7far\u00eb jan\u00eb pajtuar gjat\u00eb negociatave n\u00eb Bruksel. &nbsp; Dy lider\u00ebt politik\u00eb, t\u00eb cil\u00ebt kan\u00eb komunikuar p\u00ebr her\u00eb t\u00eb par\u00eb, pa nd\u00ebrmjet\u00ebsin Robert Cooper, n\u00eb emisionin \u201cTema\u201d, pajtohen [&hellip;]","og_url":"https:\/\/internewskosova.org\/sq_al\/emisioni-tema\/","og_site_name":"Internews Kosova","article_published_time":"2017-04-29T20:43:15+00:00","article_modified_time":"2018-01-25T13:29:38+00:00","og_image":[{"width":400,"height":205,"url":"https:\/\/internewskosova.org\/wp-content\/uploads\/2017\/05\/tema2.jpg","type":"image\/jpeg"}],"author":"internewskosova","twitter_card":"summary_large_image","twitter_misc":{"Written by":"internewskosova","Est. reading time":"1 minute"},"schema":{"@context":"https:\/\/schema.org","@graph":[{"@type":"WebPage","@id":"https:\/\/internewskosova.org\/emisioni-tema\/","url":"https:\/\/internewskosova.org\/emisioni-tema\/","name":"EMISIONI TEMA","isPartOf":{"@id":"https:\/\/internewskosova.org\/#website"},"primaryImageOfPage":{"@id":"https:\/\/internewskosova.org\/emisioni-tema\/#primaryimage"},"image":{"@id":"https:\/\/internewskosova.org\/emisioni-tema\/#primaryimage"},"thumbnailUrl":"https:\/\/internewskosova.org\/wp-content\/uploads\/2017\/05\/tema2.jpg","datePublished":"2017-04-29T20:43:15+00:00","dateModified":"2018-01-25T13:29:38+00:00","author":{"@id":"https:\/\/internewskosova.org\/#\/schema\/person\/df061921b05fb4846fa727287c760e13"},"breadcrumb":{"@id":"https:\/\/internewskosova.org\/emisioni-tema\/#breadcrumb"},"inLanguage":"sq-AL","potentialAction":[{"@type":"ReadAction","target":["https:\/\/internewskosova.org\/emisioni-tema\/"]}]},{"@type":"ImageObject","inLanguage":"sq-AL","@id":"https:\/\/internewskosova.org\/emisioni-tema\/#primaryimage","url":"https:\/\/internewskosova.org\/wp-content\/uploads\/2017\/05\/tema2.jpg","contentUrl":"https:\/\/internewskosova.org\/wp-content\/uploads\/2017\/05\/tema2.jpg","width":400,"height":205},{"@type":"BreadcrumbList","@id":"https:\/\/internewskosova.org\/emisioni-tema\/#breadcrumb","itemListElement":[{"@type":"ListItem","position":1,"name":"Home","item":"https:\/\/internewskosova.org\/"},{"@type":"ListItem","position":2,"name":"EMISIONI TEMA"}]},{"@type":"WebSite","@id":"https:\/\/internewskosova.org\/#website","url":"https:\/\/internewskosova.org\/","name":"Internews Kosova","description":"","potentialAction":[{"@type":"SearchAction","target":{"@type":"EntryPoint","urlTemplate":"https:\/\/internewskosova.org\/?s={search_term_string}"},"query-input":{"@type":"PropertyValueSpecification","valueRequired":true,"valueName":"search_term_string"}}],"inLanguage":"sq-AL"},{"@type":"Person","@id":"https:\/\/internewskosova.org\/#\/schema\/person\/df061921b05fb4846fa727287c760e13","name":"internewskosova","image":{"@type":"ImageObject","inLanguage":"sq-AL","@id":"https:\/\/internewskosova.org\/#\/schema\/person\/image\/","url":"https:\/\/secure.gravatar.com\/avatar\/42b3f84333815029cec0ac9d3a126330?s=96&d=mm&r=g","contentUrl":"https:\/\/secure.gravatar.com\/avatar\/42b3f84333815029cec0ac9d3a126330?s=96&d=mm&r=g","caption":"internewskosova"},"url":"https:\/\/internewskosova.org\/sq_al\/author\/internewskosova\/"}]}},"_links":{"self":[{"href":"https:\/\/internewskosova.org\/sq_al\/wp-json\/wp\/v2\/posts\/343","targetHints":{"allow":["GET"]}}],"collection":[{"href":"https:\/\/internewskosova.org\/sq_al\/wp-json\/wp\/v2\/posts"}],"about":[{"href":"https:\/\/internewskosova.org\/sq_al\/wp-json\/wp\/v2\/types\/post"}],"author":[{"embeddable":true,"href":"https:\/\/internewskosova.org\/sq_al\/wp-json\/wp\/v2\/users\/1"}],"replies":[{"embeddable":true,"href":"https:\/\/internewskosova.org\/sq_al\/wp-json\/wp\/v2\/comments?post=343"}],"version-history":[{"count":1,"href":"https:\/\/internewskosova.org\/sq_al\/wp-json\/wp\/v2\/posts\/343\/revisions"}],"predecessor-version":[{"id":1053,"href":"https:\/\/internewskosova.org\/sq_al\/wp-json\/wp\/v2\/posts\/343\/revisions\/1053"}],"wp:featuredmedia":[{"embeddable":true,"href":"https:\/\/internewskosova.org\/sq_al\/wp-json\/wp\/v2\/media\/829"}],"wp:attachment":[{"href":"https:\/\/internewskosova.org\/sq_al\/wp-json\/wp\/v2\/media?parent=343"}],"wp:term":[{"taxonomy":"category","embeddable":true,"href":"https:\/\/internewskosova.org\/sq_al\/wp-json\/wp\/v2\/categories?post=343"},{"taxonomy":"post_tag","embeddable":true,"href":"https:\/\/internewskosova.org\/sq_al\/wp-json\/wp\/v2\/tags?post=343"}],"curies":[{"name":"wp","href":"https:\/\/api.w.org\/{rel}","templated":true}]}}