{"id":347,"date":"2017-04-29T21:44:44","date_gmt":"2017-04-29T20:44:44","guid":{"rendered":"http:\/\/internewskosova.org\/?p=347"},"modified":"2018-01-25T13:29:00","modified_gmt":"2018-01-25T13:29:00","slug":"emision-tema-a-eshte-e-mundur-te-shkruhet-historia-pa-fyer-te-tjeret-2","status":"publish","type":"post","link":"https:\/\/internewskosova.org\/sq_al\/emision-tema-a-eshte-e-mundur-te-shkruhet-historia-pa-fyer-te-tjeret-2\/","title":{"rendered":"EMISION TEMA: \u201cA \u00cbSHT\u00cb E MUNDUR T\u00cb SHKRUHET HISTORIA, PA FYER T\u00cb TJER\u00cbT &quot;"},"content":{"rendered":"<p><img loading=\"lazy\" decoding=\"async\" class=\"wp-image-344 alignleft\" src=\"http:\/\/internewskosova.org\/wp-content\/uploads\/2017\/04\/tema_logo-300x154.jpg\" alt=\"\" width=\"368\" height=\"189\" srcset=\"https:\/\/internewskosova.org\/wp-content\/uploads\/2017\/04\/tema_logo-300x154.jpg 300w, https:\/\/internewskosova.org\/wp-content\/uploads\/2017\/04\/tema_logo.jpg 580w\" sizes=\"auto, (max-width: 368px) 100vw, 368px\" \/><\/p>\n<p class=\"short-text\"><strong>N\u00eb episodin e dyt\u00eb t\u00eb seris\u00eb s\u00eb debateve televizive \u201cTema\u201d p\u00ebr dialogun joformal nd\u00ebrmjet Kosov\u00ebs dhe Serbis\u00eb, kat\u00ebr historian\u00eb, dy nga secila an\u00eb, debatojn\u00eb p\u00ebr tem\u00ebn \u201cA \u00ebsht\u00eb e mundur t\u00eb shkruhet historia, pa fyer t\u00eb tjer\u00ebt?\u201d<\/strong><\/p>\n<div class=\"full-text\">\n<p>&nbsp;<\/p>\n<p>&nbsp;<\/p>\n<p>Jusuf Buxhovi dhe Enver Rexhaj nga Kosova, dhe \u00c7edomir Antiq dhe Momqillo Pavlloviq nga Serbia, shpesh gjat\u00eb debatit pranuan t\u00eb mos pajtohen, por t\u00eb gjith\u00eb k\u00ebta historian\u00eb t\u00eb respektuar, theksuan nevoj\u00ebn p\u00ebr bashk\u00ebpunim t\u00eb dyansh\u00ebm nd\u00ebrmjet historian\u00ebve kosovar\u00eb dhe atyre serb\u00eb.<\/p>\n<p>\u201cHistoria nuk ndryshon asnj\u00ebher\u00eb, por perceptimi p\u00ebr t\u00eb shpesh ndryshon\u201d dhe \u201chistoria shum\u00eb shpesh \u00ebsht\u00eb keqp\u00ebrdorur p\u00ebr t\u00eb arritur synime politike\u201d, ishin dy pika t\u00eb tjera kryesore p\u00ebr t\u00eb cilat k\u00ebta historian\u00eb u pajtuan gjat\u00eb k\u00ebtij debati interesant dhe informues.<\/p>\n<p>Historian\u00ebt q\u00eb marrin pjes\u00eb n\u00eb k\u00ebt\u00eb debat televiziv t\u00eb organizuar nga Internews Kosova dhe BIRN-i u pajtuan gjithashtu se tekstet shkollore t\u00eb historis\u00eb nuk duhet t\u00eb p\u00ebrmbajn\u00eb fjal\u00eb urrejtjeje dhe nuk duhet t\u00eb hezitojn\u00eb t\u00eb tregojn\u00eb t\u00eb v\u00ebrtet\u00ebn, si n\u00eb Serbi ashtu dhe n\u00eb Kosov\u00eb.<\/p>\n<p>Pavar\u00ebsisht dallimeve t\u00eb thella dhe akuzimeve t\u00eb dyanshme, panelist\u00ebt i ofruan nj\u00ebri-tjetrit shk\u00ebmbim t\u00eb informacionit dhe dokumentacione p\u00ebr hulumtimet e tyre t\u00eb ardhshme shkencore.<\/p>\n<p>Premiera e debatit do t\u00eb shfaqet m\u00eb 7 janar, nga ora 22:30, n\u00eb RTV21.<\/p>\n<\/div>","protected":false},"excerpt":{"rendered":"<p>N\u00eb episodin e dyt\u00eb t\u00eb seris\u00eb s\u00eb debateve televizive \u201cTema\u201d p\u00ebr dialogun joformal nd\u00ebrmjet Kosov\u00ebs dhe Serbis\u00eb, kat\u00ebr historian\u00eb, dy nga secila an\u00eb, debatojn\u00eb p\u00ebr tem\u00ebn \u201cA \u00ebsht\u00eb e mundur t\u00eb shkruhet historia, pa fyer t\u00eb tjer\u00ebt?\u201d &nbsp; &nbsp; Jusuf Buxhovi dhe Enver Rexhaj nga Kosova, dhe \u00c7edomir Antiq dhe Momqillo Pavlloviq nga Serbia, shpesh [&hellip;]<\/p>","protected":false},"author":1,"featured_media":830,"comment_status":"open","ping_status":"open","sticky":false,"template":"","format":"standard","meta":{"_FSMCFIC_featured_image_caption":"","_FSMCFIC_featured_image_nocaption":"","_FSMCFIC_featured_image_hide":"","footnotes":""},"categories":[18],"tags":[],"class_list":["post-347","post","type-post","status-publish","format-standard","has-post-thumbnail","hentry","category-lajmet"],"yoast_head":"<!-- This site is optimized with the Yoast SEO plugin v24.9 - https:\/\/yoast.com\/wordpress\/plugins\/seo\/ -->\n<title>EMISION TEMA: \u201cA \u00cbSHT\u00cb E MUNDUR T\u00cb SHKRUHET HISTORIA, PA FYER T\u00cb TJER\u00cbT &quot;<\/title>\n<meta name=\"robots\" content=\"index, follow, max-snippet:-1, max-image-preview:large, max-video-preview:-1\" \/>\n<link rel=\"canonical\" href=\"https:\/\/internewskosova.org\/sq_al\/emision-tema-a-eshte-e-mundur-te-shkruhet-historia-pa-fyer-te-tjeret-2\/\" \/>\n<meta property=\"og:locale\" content=\"sq_AL\" \/>\n<meta property=\"og:type\" content=\"article\" \/>\n<meta property=\"og:title\" content=\"EMISION TEMA: \u201cA \u00cbSHT\u00cb E MUNDUR T\u00cb SHKRUHET HISTORIA, PA FYER T\u00cb TJER\u00cbT &quot;\" \/>\n<meta property=\"og:description\" content=\"N\u00eb episodin e dyt\u00eb t\u00eb seris\u00eb s\u00eb debateve televizive \u201cTema\u201d p\u00ebr dialogun joformal nd\u00ebrmjet Kosov\u00ebs dhe Serbis\u00eb, kat\u00ebr historian\u00eb, dy nga secila an\u00eb, debatojn\u00eb p\u00ebr tem\u00ebn \u201cA \u00ebsht\u00eb e mundur t\u00eb shkruhet historia, pa fyer t\u00eb tjer\u00ebt?\u201d &nbsp; &nbsp; Jusuf Buxhovi dhe Enver Rexhaj nga Kosova, dhe \u00c7edomir Antiq dhe Momqillo Pavlloviq nga Serbia, shpesh [&hellip;]\" \/>\n<meta property=\"og:url\" content=\"https:\/\/internewskosova.org\/sq_al\/emision-tema-a-eshte-e-mundur-te-shkruhet-historia-pa-fyer-te-tjeret-2\/\" \/>\n<meta property=\"og:site_name\" content=\"Internews Kosova\" \/>\n<meta property=\"article:published_time\" content=\"2017-04-29T20:44:44+00:00\" \/>\n<meta property=\"article:modified_time\" content=\"2018-01-25T13:29:00+00:00\" \/>\n<meta property=\"og:image\" content=\"https:\/\/internewskosova.org\/wp-content\/uploads\/2017\/05\/temaaa.jpg\" \/>\n\t<meta property=\"og:image:width\" content=\"400\" \/>\n\t<meta property=\"og:image:height\" content=\"205\" \/>\n\t<meta property=\"og:image:type\" content=\"image\/jpeg\" \/>\n<meta name=\"author\" content=\"internewskosova\" \/>\n<meta name=\"twitter:card\" content=\"summary_large_image\" \/>\n<meta name=\"twitter:label1\" content=\"Written by\" \/>\n\t<meta name=\"twitter:data1\" content=\"internewskosova\" \/>\n\t<meta name=\"twitter:label2\" content=\"Est. reading time\" \/>\n\t<meta name=\"twitter:data2\" content=\"1 minute\" \/>\n<script type=\"application\/ld+json\" class=\"yoast-schema-graph\">{\"@context\":\"https:\/\/schema.org\",\"@graph\":[{\"@type\":\"WebPage\",\"@id\":\"https:\/\/internewskosova.org\/emision-tema-a-eshte-e-mundur-te-shkruhet-historia-pa-fyer-te-tjeret-2\/\",\"url\":\"https:\/\/internewskosova.org\/emision-tema-a-eshte-e-mundur-te-shkruhet-historia-pa-fyer-te-tjeret-2\/\",\"name\":\"EMISION TEMA: \u201cA \u00cbSHT\u00cb E MUNDUR T\u00cb SHKRUHET HISTORIA, PA FYER T\u00cb TJER\u00cbT &quot;\",\"isPartOf\":{\"@id\":\"https:\/\/internewskosova.org\/#website\"},\"primaryImageOfPage\":{\"@id\":\"https:\/\/internewskosova.org\/emision-tema-a-eshte-e-mundur-te-shkruhet-historia-pa-fyer-te-tjeret-2\/#primaryimage\"},\"image\":{\"@id\":\"https:\/\/internewskosova.org\/emision-tema-a-eshte-e-mundur-te-shkruhet-historia-pa-fyer-te-tjeret-2\/#primaryimage\"},\"thumbnailUrl\":\"https:\/\/internewskosova.org\/wp-content\/uploads\/2017\/05\/temaaa.jpg\",\"datePublished\":\"2017-04-29T20:44:44+00:00\",\"dateModified\":\"2018-01-25T13:29:00+00:00\",\"author\":{\"@id\":\"https:\/\/internewskosova.org\/#\/schema\/person\/df061921b05fb4846fa727287c760e13\"},\"breadcrumb\":{\"@id\":\"https:\/\/internewskosova.org\/emision-tema-a-eshte-e-mundur-te-shkruhet-historia-pa-fyer-te-tjeret-2\/#breadcrumb\"},\"inLanguage\":\"sq-AL\",\"potentialAction\":[{\"@type\":\"ReadAction\",\"target\":[\"https:\/\/internewskosova.org\/emision-tema-a-eshte-e-mundur-te-shkruhet-historia-pa-fyer-te-tjeret-2\/\"]}]},{\"@type\":\"ImageObject\",\"inLanguage\":\"sq-AL\",\"@id\":\"https:\/\/internewskosova.org\/emision-tema-a-eshte-e-mundur-te-shkruhet-historia-pa-fyer-te-tjeret-2\/#primaryimage\",\"url\":\"https:\/\/internewskosova.org\/wp-content\/uploads\/2017\/05\/temaaa.jpg\",\"contentUrl\":\"https:\/\/internewskosova.org\/wp-content\/uploads\/2017\/05\/temaaa.jpg\",\"width\":400,\"height\":205},{\"@type\":\"BreadcrumbList\",\"@id\":\"https:\/\/internewskosova.org\/emision-tema-a-eshte-e-mundur-te-shkruhet-historia-pa-fyer-te-tjeret-2\/#breadcrumb\",\"itemListElement\":[{\"@type\":\"ListItem\",\"position\":1,\"name\":\"Home\",\"item\":\"https:\/\/internewskosova.org\/\"},{\"@type\":\"ListItem\",\"position\":2,\"name\":\"EMISION TEMA: \u201cA \u00cbSHT\u00cb E MUNDUR T\u00cb SHKRUHET HISTORIA, PA FYER T\u00cb TJER\u00cbT &quot;\"}]},{\"@type\":\"WebSite\",\"@id\":\"https:\/\/internewskosova.org\/#website\",\"url\":\"https:\/\/internewskosova.org\/\",\"name\":\"Internews Kosova\",\"description\":\"\",\"potentialAction\":[{\"@type\":\"SearchAction\",\"target\":{\"@type\":\"EntryPoint\",\"urlTemplate\":\"https:\/\/internewskosova.org\/?s={search_term_string}\"},\"query-input\":{\"@type\":\"PropertyValueSpecification\",\"valueRequired\":true,\"valueName\":\"search_term_string\"}}],\"inLanguage\":\"sq-AL\"},{\"@type\":\"Person\",\"@id\":\"https:\/\/internewskosova.org\/#\/schema\/person\/df061921b05fb4846fa727287c760e13\",\"name\":\"internewskosova\",\"image\":{\"@type\":\"ImageObject\",\"inLanguage\":\"sq-AL\",\"@id\":\"https:\/\/internewskosova.org\/#\/schema\/person\/image\/\",\"url\":\"https:\/\/secure.gravatar.com\/avatar\/42b3f84333815029cec0ac9d3a126330?s=96&d=mm&r=g\",\"contentUrl\":\"https:\/\/secure.gravatar.com\/avatar\/42b3f84333815029cec0ac9d3a126330?s=96&d=mm&r=g\",\"caption\":\"internewskosova\"},\"url\":\"https:\/\/internewskosova.org\/sq_al\/author\/internewskosova\/\"}]}<\/script>\n<!-- \/ Yoast SEO plugin. -->","yoast_head_json":{"title":"EMISION TEMA: \u201cA \u00cbSHT\u00cb E MUNDUR T\u00cb SHKRUHET HISTORIA, PA FYER T\u00cb TJER\u00cbT &quot;","robots":{"index":"index","follow":"follow","max-snippet":"max-snippet:-1","max-image-preview":"max-image-preview:large","max-video-preview":"max-video-preview:-1"},"canonical":"https:\/\/internewskosova.org\/sq_al\/emision-tema-a-eshte-e-mundur-te-shkruhet-historia-pa-fyer-te-tjeret-2\/","og_locale":"sq_AL","og_type":"article","og_title":"EMISION TEMA: \u201cA \u00cbSHT\u00cb E MUNDUR T\u00cb SHKRUHET HISTORIA, PA FYER T\u00cb TJER\u00cbT &quot;","og_description":"N\u00eb episodin e dyt\u00eb t\u00eb seris\u00eb s\u00eb debateve televizive \u201cTema\u201d p\u00ebr dialogun joformal nd\u00ebrmjet Kosov\u00ebs dhe Serbis\u00eb, kat\u00ebr historian\u00eb, dy nga secila an\u00eb, debatojn\u00eb p\u00ebr tem\u00ebn \u201cA \u00ebsht\u00eb e mundur t\u00eb shkruhet historia, pa fyer t\u00eb tjer\u00ebt?\u201d &nbsp; &nbsp; Jusuf Buxhovi dhe Enver Rexhaj nga Kosova, dhe \u00c7edomir Antiq dhe Momqillo Pavlloviq nga Serbia, shpesh [&hellip;]","og_url":"https:\/\/internewskosova.org\/sq_al\/emision-tema-a-eshte-e-mundur-te-shkruhet-historia-pa-fyer-te-tjeret-2\/","og_site_name":"Internews Kosova","article_published_time":"2017-04-29T20:44:44+00:00","article_modified_time":"2018-01-25T13:29:00+00:00","og_image":[{"width":400,"height":205,"url":"https:\/\/internewskosova.org\/wp-content\/uploads\/2017\/05\/temaaa.jpg","type":"image\/jpeg"}],"author":"internewskosova","twitter_card":"summary_large_image","twitter_misc":{"Written by":"internewskosova","Est. reading time":"1 minute"},"schema":{"@context":"https:\/\/schema.org","@graph":[{"@type":"WebPage","@id":"https:\/\/internewskosova.org\/emision-tema-a-eshte-e-mundur-te-shkruhet-historia-pa-fyer-te-tjeret-2\/","url":"https:\/\/internewskosova.org\/emision-tema-a-eshte-e-mundur-te-shkruhet-historia-pa-fyer-te-tjeret-2\/","name":"EMISION TEMA: \u201cA \u00cbSHT\u00cb E MUNDUR T\u00cb SHKRUHET HISTORIA, PA FYER T\u00cb TJER\u00cbT &quot;","isPartOf":{"@id":"https:\/\/internewskosova.org\/#website"},"primaryImageOfPage":{"@id":"https:\/\/internewskosova.org\/emision-tema-a-eshte-e-mundur-te-shkruhet-historia-pa-fyer-te-tjeret-2\/#primaryimage"},"image":{"@id":"https:\/\/internewskosova.org\/emision-tema-a-eshte-e-mundur-te-shkruhet-historia-pa-fyer-te-tjeret-2\/#primaryimage"},"thumbnailUrl":"https:\/\/internewskosova.org\/wp-content\/uploads\/2017\/05\/temaaa.jpg","datePublished":"2017-04-29T20:44:44+00:00","dateModified":"2018-01-25T13:29:00+00:00","author":{"@id":"https:\/\/internewskosova.org\/#\/schema\/person\/df061921b05fb4846fa727287c760e13"},"breadcrumb":{"@id":"https:\/\/internewskosova.org\/emision-tema-a-eshte-e-mundur-te-shkruhet-historia-pa-fyer-te-tjeret-2\/#breadcrumb"},"inLanguage":"sq-AL","potentialAction":[{"@type":"ReadAction","target":["https:\/\/internewskosova.org\/emision-tema-a-eshte-e-mundur-te-shkruhet-historia-pa-fyer-te-tjeret-2\/"]}]},{"@type":"ImageObject","inLanguage":"sq-AL","@id":"https:\/\/internewskosova.org\/emision-tema-a-eshte-e-mundur-te-shkruhet-historia-pa-fyer-te-tjeret-2\/#primaryimage","url":"https:\/\/internewskosova.org\/wp-content\/uploads\/2017\/05\/temaaa.jpg","contentUrl":"https:\/\/internewskosova.org\/wp-content\/uploads\/2017\/05\/temaaa.jpg","width":400,"height":205},{"@type":"BreadcrumbList","@id":"https:\/\/internewskosova.org\/emision-tema-a-eshte-e-mundur-te-shkruhet-historia-pa-fyer-te-tjeret-2\/#breadcrumb","itemListElement":[{"@type":"ListItem","position":1,"name":"Home","item":"https:\/\/internewskosova.org\/"},{"@type":"ListItem","position":2,"name":"EMISION TEMA: \u201cA \u00cbSHT\u00cb E MUNDUR T\u00cb SHKRUHET HISTORIA, PA FYER T\u00cb TJER\u00cbT &quot;"}]},{"@type":"WebSite","@id":"https:\/\/internewskosova.org\/#website","url":"https:\/\/internewskosova.org\/","name":"Internews Kosova","description":"","potentialAction":[{"@type":"SearchAction","target":{"@type":"EntryPoint","urlTemplate":"https:\/\/internewskosova.org\/?s={search_term_string}"},"query-input":{"@type":"PropertyValueSpecification","valueRequired":true,"valueName":"search_term_string"}}],"inLanguage":"sq-AL"},{"@type":"Person","@id":"https:\/\/internewskosova.org\/#\/schema\/person\/df061921b05fb4846fa727287c760e13","name":"internewskosova","image":{"@type":"ImageObject","inLanguage":"sq-AL","@id":"https:\/\/internewskosova.org\/#\/schema\/person\/image\/","url":"https:\/\/secure.gravatar.com\/avatar\/42b3f84333815029cec0ac9d3a126330?s=96&d=mm&r=g","contentUrl":"https:\/\/secure.gravatar.com\/avatar\/42b3f84333815029cec0ac9d3a126330?s=96&d=mm&r=g","caption":"internewskosova"},"url":"https:\/\/internewskosova.org\/sq_al\/author\/internewskosova\/"}]}},"_links":{"self":[{"href":"https:\/\/internewskosova.org\/sq_al\/wp-json\/wp\/v2\/posts\/347","targetHints":{"allow":["GET"]}}],"collection":[{"href":"https:\/\/internewskosova.org\/sq_al\/wp-json\/wp\/v2\/posts"}],"about":[{"href":"https:\/\/internewskosova.org\/sq_al\/wp-json\/wp\/v2\/types\/post"}],"author":[{"embeddable":true,"href":"https:\/\/internewskosova.org\/sq_al\/wp-json\/wp\/v2\/users\/1"}],"replies":[{"embeddable":true,"href":"https:\/\/internewskosova.org\/sq_al\/wp-json\/wp\/v2\/comments?post=347"}],"version-history":[{"count":2,"href":"https:\/\/internewskosova.org\/sq_al\/wp-json\/wp\/v2\/posts\/347\/revisions"}],"predecessor-version":[{"id":1052,"href":"https:\/\/internewskosova.org\/sq_al\/wp-json\/wp\/v2\/posts\/347\/revisions\/1052"}],"wp:featuredmedia":[{"embeddable":true,"href":"https:\/\/internewskosova.org\/sq_al\/wp-json\/wp\/v2\/media\/830"}],"wp:attachment":[{"href":"https:\/\/internewskosova.org\/sq_al\/wp-json\/wp\/v2\/media?parent=347"}],"wp:term":[{"taxonomy":"category","embeddable":true,"href":"https:\/\/internewskosova.org\/sq_al\/wp-json\/wp\/v2\/categories?post=347"},{"taxonomy":"post_tag","embeddable":true,"href":"https:\/\/internewskosova.org\/sq_al\/wp-json\/wp\/v2\/tags?post=347"}],"curies":[{"name":"wp","href":"https:\/\/api.w.org\/{rel}","templated":true}]}}