{"id":356,"date":"2017-04-29T21:52:55","date_gmt":"2017-04-29T20:52:55","guid":{"rendered":"http:\/\/internewskosova.org\/?p=356"},"modified":"2017-04-29T21:52:55","modified_gmt":"2017-04-29T20:52:55","slug":"promo-tema-te-pagjeturit","status":"publish","type":"post","link":"https:\/\/internewskosova.org\/sq_al\/promo-tema-te-pagjeturit\/","title":{"rendered":"PROMO TEMA: T\u00cb PAGJETURIT"},"content":{"rendered":"<p class=\"short-text\"><strong>Me kalimin e koh\u00ebs dhe \u201cvjetrimin\u201d e luft\u00ebs, informacionet p\u00ebr t\u00eb pagjeturit jan\u00eb gjithnj\u00eb e m\u00eb t\u00eb pakta, edhe pse operacione p\u00ebr gjetjen e tyre jan\u00eb duke u zhvilluar n\u00eb terren. Munges\u00ebn e informacioneve dhe fatin e t\u00eb zhdukurve n\u00eb relacionet Kosov\u00eb-Serbi, trajton edicioni m\u00eb i ri i emisionit \u201cTema\u201d.<\/strong><\/p>\n<div class=\"full-text\">\n<p><a href=\"https:\/\/www.youtube.com\/watch?v=KyZHVZ5sTbE\">Promo Link<\/a><\/p>\n<p>Familjet e t\u00eb zhdukurve prej vitesh presin p\u00ebrgjigje p\u00ebr m\u00eb t\u00eb af\u00ebrmit e tyre, nd\u00ebrkoh\u00eb n\u00eb Kosov\u00eb dhe Serbi thon\u00eb se me kalimin e koh\u00ebs, informacionet jan\u00eb gjithnj\u00eb e m\u00eb t\u00eb pakta. Ka shum\u00eb operacione n\u00eb terren, por rezultati \u00ebsht\u00eb i vog\u00ebl.<\/p>\n<p>Megjithat\u00eb, zyrtar\u00ebt e Prishtin\u00ebs dhe Beogradit, than\u00eb se bashk\u00ebpunimi nuk mungon, ndon\u00ebse kjo tem\u00eb shpesh ngelet m\u00eb shum\u00eb politike, sesa humane.<\/p>\n<p>Kush dhe p\u00ebrse nuk jep informacione p\u00ebr k\u00ebt\u00eb \u00e7\u00ebshtje, e cila megjithat\u00eb ngelet nj\u00eb nga barr\u00ebt m\u00eb t\u00eb m\u00ebdha n\u00eb mes Kosov\u00ebs dhe Serbis\u00eb, \u00ebsht\u00eb nj\u00eb nga pyetjet q\u00eb shkaktoi m\u00eb s\u00eb shumti p\u00ebrplasje n\u00eb mes t\u00eb zyrtar\u00ebve serb\u00eb dhe atyre kosovar\u00eb, t\u00eb cil\u00ebt jan\u00eb pjes\u00eb e debatit t\u00eb ardhsh\u00ebm t\u00eb emisionit \u201cTema\u201d.<\/p>\n<p>Pajazit Nushi, kryesues i Komisionit dialogues p\u00ebr Personat e Pagjetur, tha se nuk ka munguar angazhimi, nd\u00ebrsa ekziston hap\u00ebsira p\u00ebr futjen e k\u00ebsaj teme n\u00eb bisedime.<\/p>\n<p>\u201cShum\u00eb prej nesh kan\u00eb t\u00eb zhdukur n\u00eb familje. Munges\u00ebn e informacioneve jemi munduar ta kompensojm\u00eb p\u00ebrmes arkivave\u201d, tha Nushi.<\/p>\n<p>Velko Odaloviq, nga Komisioni i Serbis\u00eb p\u00ebr t\u00eb Pagjeturit, \u00ebsht\u00eb shprehur se ekzistojn\u00eb kontakte formale dhe joformale n\u00eb mes t\u00eb institucioneve dhe k\u00ebto kontakte kurr\u00eb nuk jan\u00eb nd\u00ebrprer\u00eb.<\/p>\n<p>\u201cP\u00ebrballemi me probleme t\u00eb m\u00ebdha dhe nuk kemi informacione\u201d, tha Odalloviq.<\/p>\n<p>Sipas tij, \u00e7do dokument p\u00ebr t\u00eb zhdukurit q\u00eb i \u00ebsht\u00eb k\u00ebrkuar Serbis\u00eb \u00ebsht\u00eb ofruar.<\/p>\n<p>\u201cNe nuk kemi par\u00eb asnj\u00eb arkiv t\u00eb Ushtris\u00eb \u00c7lirimtare t\u00eb Kosov\u00ebs\u201d, theksoi ai.<\/p>\n<p>Por, Nushi, theksoi se nj\u00eb arkiv i till\u00eb nuk ekziston.<\/p>\n<p>Nora Ahmetaj, drejtoresh\u00eb e Qendr\u00ebs p\u00ebr Hulumtim, Dokumentim dhe Publikim, megjithat\u00eb nuk \u00ebsht\u00eb shum\u00eb e bindur se puna ka ecur m\u00eb s\u00eb miri.<\/p>\n<p>\u201cPas t\u00ebr\u00eb k\u00ebsaj dinamike brenda Kosov\u00ebs, Serbis\u00eb e rajonit, por edhe karshi bashk\u00ebsis\u00eb nd\u00ebrkomb\u00ebtare, humb\u00ebsit jan\u00eb familjar\u00ebt e viktimave\u201d, sqaroi Ahmetaj.<\/p>\n<p>\u201cMungesa e informacioneve tregon se \u00ebsht\u00eb \u00e7\u00ebshtje politike\u201d, shtoi ajo.<\/p>\n<p>Kosova dhe Serbia nuk e kan\u00eb k\u00ebt\u00eb tem\u00eb si prioritet, mendon Sandra Orlloviq, drejtoresh\u00eb e Fondit p\u00ebr t\u00eb Drejt\u00ebn Humanitare.<\/p>\n<p>\u201cKomisionet kan\u00eb mundur t\u00eb punojn\u00eb m\u00eb shum\u00eb. Kemi shembuj nga Bosnja se si ka filluar n\u00eb fushat\u00eb kur p\u00ebrmes nj\u00eb numri t\u00eb telefonit, pra thirrjeve anonime \u00ebsht\u00eb mund\u00ebsuar t\u00eb zbulohen disa varreza dhe mbetje mortore. Mendoj se deri tani nuk kemi par\u00eb nj\u00eb kreativitet\u201d, sqaroi Orlloviq.<\/p>\n<p>\u201cDuhet t\u00eb ndryshojm\u00eb qasje\u201d, tha ajo.<\/p>\n<p>Fati i t\u00eb pagjeturve, mungesa e informatave p\u00ebr ta dhe rrug\u00ebt se si t\u00eb gjenden ata q\u00eb ende figurojn\u00eb si t\u00eb zhdukur, do t\u00eb diskutohen nga zyrtar\u00eb kosovar\u00eb e serb\u00eb n\u00ebp\u00ebrmjet nj\u00eb ure televizive, m\u00eb gjer\u00ebsisht n\u00eb emisionin \u201cTema\u201d, t\u00eb h\u00ebn\u00ebn.<\/p>\n<p>Emisioni \u201cTema\u201d do t\u00eb transmetohet, t\u00eb h\u00ebn\u00ebn m\u00eb 3 qershor n\u00eb RTV \u201c21\u201d<\/p>\n<\/div>","protected":false},"excerpt":{"rendered":"<p>Me kalimin e koh\u00ebs dhe \u201cvjetrimin\u201d e luft\u00ebs, informacionet p\u00ebr t\u00eb pagjeturit jan\u00eb gjithnj\u00eb e m\u00eb t\u00eb pakta, edhe pse operacione p\u00ebr gjetjen e tyre jan\u00eb duke u zhvilluar n\u00eb terren. Munges\u00ebn e informacioneve dhe fatin e t\u00eb zhdukurve n\u00eb relacionet Kosov\u00eb-Serbi, trajton edicioni m\u00eb i ri i emisionit \u201cTema\u201d. Promo Link Familjet e t\u00eb [&hellip;]<\/p>","protected":false},"author":1,"featured_media":0,"comment_status":"open","ping_status":"open","sticky":false,"template":"","format":"standard","meta":{"_FSMCFIC_featured_image_caption":"","_FSMCFIC_featured_image_nocaption":"","_FSMCFIC_featured_image_hide":"","footnotes":""},"categories":[18],"tags":[],"class_list":["post-356","post","type-post","status-publish","format-standard","hentry","category-lajmet"],"yoast_head":"<!-- This site is optimized with the Yoast SEO plugin v24.9 - https:\/\/yoast.com\/wordpress\/plugins\/seo\/ -->\n<title>PROMO TEMA: T\u00cb PAGJETURIT<\/title>\n<meta name=\"robots\" content=\"index, follow, max-snippet:-1, max-image-preview:large, max-video-preview:-1\" \/>\n<link rel=\"canonical\" href=\"https:\/\/internewskosova.org\/sq_al\/promo-tema-te-pagjeturit\/\" \/>\n<meta property=\"og:locale\" content=\"sq_AL\" \/>\n<meta property=\"og:type\" content=\"article\" \/>\n<meta property=\"og:title\" content=\"PROMO TEMA: T\u00cb PAGJETURIT\" \/>\n<meta property=\"og:description\" content=\"Me kalimin e koh\u00ebs dhe \u201cvjetrimin\u201d e luft\u00ebs, informacionet p\u00ebr t\u00eb pagjeturit jan\u00eb gjithnj\u00eb e m\u00eb t\u00eb pakta, edhe pse operacione p\u00ebr gjetjen e tyre jan\u00eb duke u zhvilluar n\u00eb terren. Munges\u00ebn e informacioneve dhe fatin e t\u00eb zhdukurve n\u00eb relacionet Kosov\u00eb-Serbi, trajton edicioni m\u00eb i ri i emisionit \u201cTema\u201d. Promo Link Familjet e t\u00eb [&hellip;]\" \/>\n<meta property=\"og:url\" content=\"https:\/\/internewskosova.org\/sq_al\/promo-tema-te-pagjeturit\/\" \/>\n<meta property=\"og:site_name\" content=\"Internews Kosova\" \/>\n<meta property=\"article:published_time\" content=\"2017-04-29T20:52:55+00:00\" \/>\n<meta name=\"author\" content=\"internewskosova\" \/>\n<meta name=\"twitter:card\" content=\"summary_large_image\" \/>\n<meta name=\"twitter:label1\" content=\"Written by\" \/>\n\t<meta name=\"twitter:data1\" content=\"internewskosova\" \/>\n\t<meta name=\"twitter:label2\" content=\"Est. reading time\" \/>\n\t<meta name=\"twitter:data2\" content=\"3 minutes\" \/>\n<script type=\"application\/ld+json\" class=\"yoast-schema-graph\">{\"@context\":\"https:\/\/schema.org\",\"@graph\":[{\"@type\":\"WebPage\",\"@id\":\"https:\/\/internewskosova.org\/promo-tema-te-pagjeturit\/\",\"url\":\"https:\/\/internewskosova.org\/promo-tema-te-pagjeturit\/\",\"name\":\"PROMO TEMA: T\u00cb PAGJETURIT\",\"isPartOf\":{\"@id\":\"https:\/\/internewskosova.org\/#website\"},\"datePublished\":\"2017-04-29T20:52:55+00:00\",\"author\":{\"@id\":\"https:\/\/internewskosova.org\/#\/schema\/person\/df061921b05fb4846fa727287c760e13\"},\"breadcrumb\":{\"@id\":\"https:\/\/internewskosova.org\/promo-tema-te-pagjeturit\/#breadcrumb\"},\"inLanguage\":\"sq-AL\",\"potentialAction\":[{\"@type\":\"ReadAction\",\"target\":[\"https:\/\/internewskosova.org\/promo-tema-te-pagjeturit\/\"]}]},{\"@type\":\"BreadcrumbList\",\"@id\":\"https:\/\/internewskosova.org\/promo-tema-te-pagjeturit\/#breadcrumb\",\"itemListElement\":[{\"@type\":\"ListItem\",\"position\":1,\"name\":\"Home\",\"item\":\"https:\/\/internewskosova.org\/\"},{\"@type\":\"ListItem\",\"position\":2,\"name\":\"PROMO TEMA: T\u00cb PAGJETURIT\"}]},{\"@type\":\"WebSite\",\"@id\":\"https:\/\/internewskosova.org\/#website\",\"url\":\"https:\/\/internewskosova.org\/\",\"name\":\"Internews Kosova\",\"description\":\"\",\"potentialAction\":[{\"@type\":\"SearchAction\",\"target\":{\"@type\":\"EntryPoint\",\"urlTemplate\":\"https:\/\/internewskosova.org\/?s={search_term_string}\"},\"query-input\":{\"@type\":\"PropertyValueSpecification\",\"valueRequired\":true,\"valueName\":\"search_term_string\"}}],\"inLanguage\":\"sq-AL\"},{\"@type\":\"Person\",\"@id\":\"https:\/\/internewskosova.org\/#\/schema\/person\/df061921b05fb4846fa727287c760e13\",\"name\":\"internewskosova\",\"image\":{\"@type\":\"ImageObject\",\"inLanguage\":\"sq-AL\",\"@id\":\"https:\/\/internewskosova.org\/#\/schema\/person\/image\/\",\"url\":\"https:\/\/secure.gravatar.com\/avatar\/42b3f84333815029cec0ac9d3a126330?s=96&d=mm&r=g\",\"contentUrl\":\"https:\/\/secure.gravatar.com\/avatar\/42b3f84333815029cec0ac9d3a126330?s=96&d=mm&r=g\",\"caption\":\"internewskosova\"},\"url\":\"https:\/\/internewskosova.org\/sq_al\/author\/internewskosova\/\"}]}<\/script>\n<!-- \/ Yoast SEO plugin. -->","yoast_head_json":{"title":"PROMO TEMA: T\u00cb PAGJETURIT","robots":{"index":"index","follow":"follow","max-snippet":"max-snippet:-1","max-image-preview":"max-image-preview:large","max-video-preview":"max-video-preview:-1"},"canonical":"https:\/\/internewskosova.org\/sq_al\/promo-tema-te-pagjeturit\/","og_locale":"sq_AL","og_type":"article","og_title":"PROMO TEMA: T\u00cb PAGJETURIT","og_description":"Me kalimin e koh\u00ebs dhe \u201cvjetrimin\u201d e luft\u00ebs, informacionet p\u00ebr t\u00eb pagjeturit jan\u00eb gjithnj\u00eb e m\u00eb t\u00eb pakta, edhe pse operacione p\u00ebr gjetjen e tyre jan\u00eb duke u zhvilluar n\u00eb terren. Munges\u00ebn e informacioneve dhe fatin e t\u00eb zhdukurve n\u00eb relacionet Kosov\u00eb-Serbi, trajton edicioni m\u00eb i ri i emisionit \u201cTema\u201d. Promo Link Familjet e t\u00eb [&hellip;]","og_url":"https:\/\/internewskosova.org\/sq_al\/promo-tema-te-pagjeturit\/","og_site_name":"Internews Kosova","article_published_time":"2017-04-29T20:52:55+00:00","author":"internewskosova","twitter_card":"summary_large_image","twitter_misc":{"Written by":"internewskosova","Est. reading time":"3 minutes"},"schema":{"@context":"https:\/\/schema.org","@graph":[{"@type":"WebPage","@id":"https:\/\/internewskosova.org\/promo-tema-te-pagjeturit\/","url":"https:\/\/internewskosova.org\/promo-tema-te-pagjeturit\/","name":"PROMO TEMA: T\u00cb PAGJETURIT","isPartOf":{"@id":"https:\/\/internewskosova.org\/#website"},"datePublished":"2017-04-29T20:52:55+00:00","author":{"@id":"https:\/\/internewskosova.org\/#\/schema\/person\/df061921b05fb4846fa727287c760e13"},"breadcrumb":{"@id":"https:\/\/internewskosova.org\/promo-tema-te-pagjeturit\/#breadcrumb"},"inLanguage":"sq-AL","potentialAction":[{"@type":"ReadAction","target":["https:\/\/internewskosova.org\/promo-tema-te-pagjeturit\/"]}]},{"@type":"BreadcrumbList","@id":"https:\/\/internewskosova.org\/promo-tema-te-pagjeturit\/#breadcrumb","itemListElement":[{"@type":"ListItem","position":1,"name":"Home","item":"https:\/\/internewskosova.org\/"},{"@type":"ListItem","position":2,"name":"PROMO TEMA: T\u00cb PAGJETURIT"}]},{"@type":"WebSite","@id":"https:\/\/internewskosova.org\/#website","url":"https:\/\/internewskosova.org\/","name":"Internews Kosova","description":"","potentialAction":[{"@type":"SearchAction","target":{"@type":"EntryPoint","urlTemplate":"https:\/\/internewskosova.org\/?s={search_term_string}"},"query-input":{"@type":"PropertyValueSpecification","valueRequired":true,"valueName":"search_term_string"}}],"inLanguage":"sq-AL"},{"@type":"Person","@id":"https:\/\/internewskosova.org\/#\/schema\/person\/df061921b05fb4846fa727287c760e13","name":"internewskosova","image":{"@type":"ImageObject","inLanguage":"sq-AL","@id":"https:\/\/internewskosova.org\/#\/schema\/person\/image\/","url":"https:\/\/secure.gravatar.com\/avatar\/42b3f84333815029cec0ac9d3a126330?s=96&d=mm&r=g","contentUrl":"https:\/\/secure.gravatar.com\/avatar\/42b3f84333815029cec0ac9d3a126330?s=96&d=mm&r=g","caption":"internewskosova"},"url":"https:\/\/internewskosova.org\/sq_al\/author\/internewskosova\/"}]}},"_links":{"self":[{"href":"https:\/\/internewskosova.org\/sq_al\/wp-json\/wp\/v2\/posts\/356","targetHints":{"allow":["GET"]}}],"collection":[{"href":"https:\/\/internewskosova.org\/sq_al\/wp-json\/wp\/v2\/posts"}],"about":[{"href":"https:\/\/internewskosova.org\/sq_al\/wp-json\/wp\/v2\/types\/post"}],"author":[{"embeddable":true,"href":"https:\/\/internewskosova.org\/sq_al\/wp-json\/wp\/v2\/users\/1"}],"replies":[{"embeddable":true,"href":"https:\/\/internewskosova.org\/sq_al\/wp-json\/wp\/v2\/comments?post=356"}],"version-history":[{"count":0,"href":"https:\/\/internewskosova.org\/sq_al\/wp-json\/wp\/v2\/posts\/356\/revisions"}],"wp:attachment":[{"href":"https:\/\/internewskosova.org\/sq_al\/wp-json\/wp\/v2\/media?parent=356"}],"wp:term":[{"taxonomy":"category","embeddable":true,"href":"https:\/\/internewskosova.org\/sq_al\/wp-json\/wp\/v2\/categories?post=356"},{"taxonomy":"post_tag","embeddable":true,"href":"https:\/\/internewskosova.org\/sq_al\/wp-json\/wp\/v2\/tags?post=356"}],"curies":[{"name":"wp","href":"https:\/\/api.w.org\/{rel}","templated":true}]}}