{"id":368,"date":"2017-04-29T22:04:55","date_gmt":"2017-04-29T21:04:55","guid":{"rendered":"http:\/\/internewskosova.org\/?p=368"},"modified":"2018-01-25T13:03:26","modified_gmt":"2018-01-25T13:03:26","slug":"konkurs-pune","status":"publish","type":"post","link":"https:\/\/internewskosova.org\/sq_al\/konkurs-pune\/","title":{"rendered":"KONKURS PUNE:"},"content":{"rendered":"<p><a href=\"http:\/\/internewskosova.org\/sq_al\/konkurs-pune\/internewskosova\/\" rel=\"attachment wp-att-369\"><img loading=\"lazy\" decoding=\"async\" class=\"wp-image-369 aligncenter\" src=\"http:\/\/internewskosova.org\/wp-content\/uploads\/2017\/04\/internewskosova-300x250.jpg\" alt=\"\" width=\"355\" height=\"296\" srcset=\"https:\/\/internewskosova.org\/wp-content\/uploads\/2017\/04\/internewskosova-300x250.jpg 300w, https:\/\/internewskosova.org\/wp-content\/uploads\/2017\/04\/internewskosova-600x500.jpg 600w, https:\/\/internewskosova.org\/wp-content\/uploads\/2017\/04\/internewskosova-768x640.jpg 768w, https:\/\/internewskosova.org\/wp-content\/uploads\/2017\/04\/internewskosova.jpg 960w\" sizes=\"auto, (max-width: 355px) 100vw, 355px\" \/><\/a><\/p>\n<p class=\"short-text\"><strong>Internews Kosova shpall konkurs p\u00ebr k\u00ebto vende pune n\u00eb Prishtin\u00eb, Kosov\u00eb:<\/strong><\/p>\n<div class=\"full-text\">\n<p><strong>Asistent produksioni\u00a0\u00a0\u00a0\u00a0\u00a0\u00a0\u00a0\u00a0\u00a0\u00a0\u00a0\u00a0\u00a0\u00a0\u00a0\u00a0\u00a0\u00a0\u00a0\u00a0\u00a0\u00a0\u00a0\u00a0\u00a0\u00a0\u00a0\u00a0\u00a0\u00a0\u00a0\u00a0\u00a0\u00a0\u00a0\u00a0\u00a0\u00a0\u00a0\u00a0\u00a0\u00a0\u00a0\u00a0\u00a0\u00a0\u00a0\u00a0\u00a0\u00a0\u00a0\u00a0\u00a0\u00a0\u00a0\u00a0\u00a0\u00a0\u00a0\u00a0\u00a0\u00a0\u00a0\u00a0\u00a0\u00a0\u00a0\u00a0\u00a0\u00a0\u00a0\u00a0\u00a0\u00a0\u00a0\u00a0\u00a0\u00a0\u00a0\u00a0\u00a0\u00a0\u00a0\u00a0\u00a0\u00a0\u00a0\u00a0\u00a0\u00a0\u00a0\u00a0\u00a0\u00a0\u00a0\u00a0<\/strong><\/p>\n<p>Detyrat dhe p\u00ebrgjegj\u00ebsit\u00eb:<\/p>\n<p>-Koordinon dhe organizon procesin e\u00a0 mbar\u00ebvajtjes s\u00eb para-produksionit, produksionit, post-produksionit, duke u bazuar n\u00eb planin javor t\u00eb p\u00ebrcaktuar nga pun\u00ebdh\u00ebn\u00ebsi;<\/p>\n<p>-Raporton n\u00eb baza javore p\u00ebr pun\u00ebt e stafit teknik si dhe gjendjen e audio\/video pajisjeve;<br \/>\n-Angazhohet n\u00eb xhirim si dhe Audio\/Video montazh p\u00ebr nevoja t\u00eb organizat\u00ebs, n\u00eb studio dhe terren;<\/p>\n<p><strong><br \/>\n2D\/3D Animator, Dizajner\u00a0\u00a0\u00a0\u00a0\u00a0\u00a0\u00a0\u00a0\u00a0\u00a0\u00a0\u00a0\u00a0\u00a0\u00a0\u00a0\u00a0\u00a0\u00a0\u00a0\u00a0\u00a0\u00a0\u00a0\u00a0\u00a0\u00a0\u00a0\u00a0\u00a0\u00a0\u00a0\u00a0\u00a0\u00a0\u00a0\u00a0\u00a0\u00a0\u00a0\u00a0\u00a0\u00a0\u00a0\u00a0\u00a0\u00a0\u00a0\u00a0\u00a0\u00a0\u00a0\u00a0\u00a0\u00a0\u00a0\u00a0\u00a0\u00a0\u00a0\u00a0\u00a0\u00a0\u00a0\u00a0\u00a0\u00a0\u00a0\u00a0\u00a0\u00a0\u00a0\u00a0\u00a0\u00a0\u00a0\u00a0\u00a0\u00a0\u00a0\u00a0\u00a0\u00a0\u00a0\u00a0\u00a0\u00a0\u00a0\u00a0\u00a0\u00a0\u00a0\u00a0\u00a0\u00a0\u00a0\u00a0\u00a0\u00a0\u00a0\u00a0\u00a0\u00a0\u00a0\u00a0\u00a0\u00a0\u00a0\u00a0\u00a0\u00a0\u00a0\u00a0\u00a0\u00a0\u00a0\u00a0\u00a0\u00a0\u00a0\u00a0\u00a0\u00a0\u00a0\u00a0<\/strong><\/p>\n<p>Detyrat dhe p\u00ebrgjegj\u00ebsit\u00eb:<\/p>\n<p>-Animi dhe dizajnimi i 2D\/3D modeleve, prapavijave, seteve, karaktereve, objekteve, hap\u00ebsirave, siglave, shpicave dhe k\u00ebrkesave t\u00eb tjera, n\u00eb afatet e caktuara t\u00eb prodhimit.<br \/>\n-Puna me softver\u00eb si 3D Studio Max, Maya, Cinema 4D, After Effects, Photoshop, Illustrator, Final Cut Pro, softver\u00eb t\u00eb tjer\u00eb p\u00ebr montazh, ose ekuivalent p\u00ebr 2D\/3D.<br \/>\n<strong><br \/>\nKoordinator i projekteve<\/strong><br \/>\nDetyrat dhe p\u00ebrgjegj\u00ebsit\u00eb:<br \/>\n-Planifikon dhe shkruan projekt-propozime n\u00eb koordinim\u00a0 me menaxherin e programit;<br \/>\nImplementon\u00a0 projektet e Internews Kosova, n\u00eb p\u00ebrputhje me kushtet e p\u00ebrcaktuara gjat\u00eb planifikimit;<br \/>\n-P\u00ebrpilon raporte financiare dhe narrative p\u00ebr donator\u00eb, sipas specifikave te donator\u00ebve dhe brenda afateve te caktuara.<\/p>\n<p><strong>Kandidat\u00ebt potencial\u00eb duhet t\u00eb ken\u00eb: <\/strong><br \/>\n&#8211; kualifikime p\u00ebrkat\u00ebse, ose p\u00ebrvoj\u00eb t\u00eb ngjashme profesionale;<br \/>\n&#8211; p\u00ebrvoj\u00eb t\u00eb m\u00ebhershme relevante n\u00eb pozit\u00ebn p\u00ebr te cil\u00ebn aplikojn\u00eb;<br \/>\n&#8211; aft\u00ebsi t\u00eb mira nd\u00ebrpersonale dhe aft\u00ebsi p\u00ebr pun\u00eb ekipore;<br \/>\n&#8211; gatishm\u00ebri p\u00ebr t\u00eb punuar me orar t\u00eb zgjatur dhe fleksibil;<br \/>\n-aft\u00ebsi t\u00eb komunikimit verbal dhe me shkrim n\u00eb gjuh\u00ebn shqipe dhe angleze<br \/>\n&#8211; aft\u00ebsi t\u00eb p\u00ebrdorimit t\u00eb kompjuter\u00ebve.<br \/>\nP\u00ebr t\u00eb aplikuar duhet t\u00eb d\u00ebrgoni nj\u00eb Curriculum Vitae (CV) dhe nj\u00eb let\u00ebr motivimi n\u00eb gjuh\u00ebn shqipe dhe angleze p\u00ebrmes post\u00ebs elektronike n\u00eb adres\u00ebn <a href=\"..\/..\/cdn-cgi\/l\/email-protection.htm#91f8fff7fed1f8ffe5f4e3fff4e6e2fafee2fee7f0bffee3f6\">info@internewskosova.org<\/a> m\u00eb s\u00eb largu deri m\u00eb 29 shtator 2013.<br \/>\nInternews Kosova inkurajon aplikuesit nga t\u00eb dy gjinit\u00eb, si dhe ofron mund\u00ebsi t\u00eb barabart\u00eb pun\u00ebsimi p\u00ebr t\u00eb gjith\u00eb personat e interesuar, pa kurrfar\u00eb paragjykimi mbi baza gjinore, fetare, etnike ose politike.<\/p>\n<p>Informata shtes\u00eb p\u00ebr Internews Kosova\u00a0 mund t\u00eb gjeni n\u00eb <a href=\"..\/..\/www_internewskosova_default.html\">www.internewskosova.org<\/a><\/p>\n<\/div>","protected":false},"excerpt":{"rendered":"<p>Internews Kosova shpall konkurs p\u00ebr k\u00ebto vende pune n\u00eb Prishtin\u00eb, Kosov\u00eb: Asistent produksioni\u00a0\u00a0\u00a0\u00a0\u00a0\u00a0\u00a0\u00a0\u00a0\u00a0\u00a0\u00a0\u00a0\u00a0\u00a0\u00a0\u00a0\u00a0\u00a0\u00a0\u00a0\u00a0\u00a0\u00a0\u00a0\u00a0\u00a0\u00a0\u00a0\u00a0\u00a0\u00a0\u00a0\u00a0\u00a0\u00a0\u00a0\u00a0\u00a0\u00a0\u00a0\u00a0\u00a0\u00a0\u00a0\u00a0\u00a0\u00a0\u00a0\u00a0\u00a0\u00a0\u00a0\u00a0\u00a0\u00a0\u00a0\u00a0\u00a0\u00a0\u00a0\u00a0\u00a0\u00a0\u00a0\u00a0\u00a0\u00a0\u00a0\u00a0\u00a0\u00a0\u00a0\u00a0\u00a0\u00a0\u00a0\u00a0\u00a0\u00a0\u00a0\u00a0\u00a0\u00a0\u00a0\u00a0\u00a0\u00a0\u00a0\u00a0\u00a0\u00a0\u00a0\u00a0\u00a0\u00a0 Detyrat dhe p\u00ebrgjegj\u00ebsit\u00eb: -Koordinon dhe organizon procesin e\u00a0 mbar\u00ebvajtjes s\u00eb para-produksionit, produksionit, post-produksionit, duke u bazuar n\u00eb planin javor t\u00eb p\u00ebrcaktuar nga pun\u00ebdh\u00ebn\u00ebsi; -Raporton n\u00eb baza javore p\u00ebr pun\u00ebt e stafit teknik si dhe gjendjen e audio\/video pajisjeve; -Angazhohet n\u00eb xhirim si [&hellip;]<\/p>","protected":false},"author":1,"featured_media":369,"comment_status":"open","ping_status":"open","sticky":false,"template":"","format":"standard","meta":{"_FSMCFIC_featured_image_caption":"","_FSMCFIC_featured_image_nocaption":"","_FSMCFIC_featured_image_hide":"","footnotes":""},"categories":[18],"tags":[],"class_list":["post-368","post","type-post","status-publish","format-standard","has-post-thumbnail","hentry","category-lajmet"],"yoast_head":"<!-- This site is optimized with the Yoast SEO plugin v24.9 - https:\/\/yoast.com\/wordpress\/plugins\/seo\/ -->\n<title>KONKURS PUNE:<\/title>\n<meta name=\"robots\" content=\"index, follow, max-snippet:-1, max-image-preview:large, max-video-preview:-1\" \/>\n<link rel=\"canonical\" href=\"https:\/\/internewskosova.org\/sq_al\/konkurs-pune\/\" \/>\n<meta property=\"og:locale\" content=\"sq_AL\" \/>\n<meta property=\"og:type\" content=\"article\" \/>\n<meta property=\"og:title\" content=\"KONKURS PUNE:\" \/>\n<meta property=\"og:description\" content=\"Internews Kosova shpall konkurs p\u00ebr k\u00ebto vende pune n\u00eb Prishtin\u00eb, Kosov\u00eb: Asistent produksioni\u00a0\u00a0\u00a0\u00a0\u00a0\u00a0\u00a0\u00a0\u00a0\u00a0\u00a0\u00a0\u00a0\u00a0\u00a0\u00a0\u00a0\u00a0\u00a0\u00a0\u00a0\u00a0\u00a0\u00a0\u00a0\u00a0\u00a0\u00a0\u00a0\u00a0\u00a0\u00a0\u00a0\u00a0\u00a0\u00a0\u00a0\u00a0\u00a0\u00a0\u00a0\u00a0\u00a0\u00a0\u00a0\u00a0\u00a0\u00a0\u00a0\u00a0\u00a0\u00a0\u00a0\u00a0\u00a0\u00a0\u00a0\u00a0\u00a0\u00a0\u00a0\u00a0\u00a0\u00a0\u00a0\u00a0\u00a0\u00a0\u00a0\u00a0\u00a0\u00a0\u00a0\u00a0\u00a0\u00a0\u00a0\u00a0\u00a0\u00a0\u00a0\u00a0\u00a0\u00a0\u00a0\u00a0\u00a0\u00a0\u00a0\u00a0\u00a0\u00a0\u00a0\u00a0\u00a0\u00a0 Detyrat dhe p\u00ebrgjegj\u00ebsit\u00eb: -Koordinon dhe organizon procesin e\u00a0 mbar\u00ebvajtjes s\u00eb para-produksionit, produksionit, post-produksionit, duke u bazuar n\u00eb planin javor t\u00eb p\u00ebrcaktuar nga pun\u00ebdh\u00ebn\u00ebsi; -Raporton n\u00eb baza javore p\u00ebr pun\u00ebt e stafit teknik si dhe gjendjen e audio\/video pajisjeve; -Angazhohet n\u00eb xhirim si [&hellip;]\" \/>\n<meta property=\"og:url\" content=\"https:\/\/internewskosova.org\/sq_al\/konkurs-pune\/\" \/>\n<meta property=\"og:site_name\" content=\"Internews Kosova\" \/>\n<meta property=\"article:published_time\" content=\"2017-04-29T21:04:55+00:00\" \/>\n<meta property=\"article:modified_time\" content=\"2018-01-25T13:03:26+00:00\" \/>\n<meta property=\"og:image\" content=\"https:\/\/internewskosova.org\/wp-content\/uploads\/2017\/04\/internewskosova.jpg\" \/>\n\t<meta property=\"og:image:width\" content=\"960\" \/>\n\t<meta property=\"og:image:height\" content=\"800\" \/>\n\t<meta property=\"og:image:type\" content=\"image\/jpeg\" \/>\n<meta name=\"author\" content=\"internewskosova\" \/>\n<meta name=\"twitter:card\" content=\"summary_large_image\" \/>\n<meta name=\"twitter:label1\" content=\"Written by\" \/>\n\t<meta name=\"twitter:data1\" content=\"internewskosova\" \/>\n\t<meta name=\"twitter:label2\" content=\"Est. reading time\" \/>\n\t<meta name=\"twitter:data2\" content=\"2 minutes\" \/>\n<script type=\"application\/ld+json\" class=\"yoast-schema-graph\">{\"@context\":\"https:\/\/schema.org\",\"@graph\":[{\"@type\":\"WebPage\",\"@id\":\"https:\/\/internewskosova.org\/konkurs-pune\/\",\"url\":\"https:\/\/internewskosova.org\/konkurs-pune\/\",\"name\":\"KONKURS PUNE:\",\"isPartOf\":{\"@id\":\"https:\/\/internewskosova.org\/#website\"},\"primaryImageOfPage\":{\"@id\":\"https:\/\/internewskosova.org\/konkurs-pune\/#primaryimage\"},\"image\":{\"@id\":\"https:\/\/internewskosova.org\/konkurs-pune\/#primaryimage\"},\"thumbnailUrl\":\"https:\/\/internewskosova.org\/wp-content\/uploads\/2017\/04\/internewskosova.jpg\",\"datePublished\":\"2017-04-29T21:04:55+00:00\",\"dateModified\":\"2018-01-25T13:03:26+00:00\",\"author\":{\"@id\":\"https:\/\/internewskosova.org\/#\/schema\/person\/df061921b05fb4846fa727287c760e13\"},\"breadcrumb\":{\"@id\":\"https:\/\/internewskosova.org\/konkurs-pune\/#breadcrumb\"},\"inLanguage\":\"sq-AL\",\"potentialAction\":[{\"@type\":\"ReadAction\",\"target\":[\"https:\/\/internewskosova.org\/konkurs-pune\/\"]}]},{\"@type\":\"ImageObject\",\"inLanguage\":\"sq-AL\",\"@id\":\"https:\/\/internewskosova.org\/konkurs-pune\/#primaryimage\",\"url\":\"https:\/\/internewskosova.org\/wp-content\/uploads\/2017\/04\/internewskosova.jpg\",\"contentUrl\":\"https:\/\/internewskosova.org\/wp-content\/uploads\/2017\/04\/internewskosova.jpg\",\"width\":960,\"height\":800},{\"@type\":\"BreadcrumbList\",\"@id\":\"https:\/\/internewskosova.org\/konkurs-pune\/#breadcrumb\",\"itemListElement\":[{\"@type\":\"ListItem\",\"position\":1,\"name\":\"Home\",\"item\":\"https:\/\/internewskosova.org\/\"},{\"@type\":\"ListItem\",\"position\":2,\"name\":\"KONKURS PUNE:\"}]},{\"@type\":\"WebSite\",\"@id\":\"https:\/\/internewskosova.org\/#website\",\"url\":\"https:\/\/internewskosova.org\/\",\"name\":\"Internews Kosova\",\"description\":\"\",\"potentialAction\":[{\"@type\":\"SearchAction\",\"target\":{\"@type\":\"EntryPoint\",\"urlTemplate\":\"https:\/\/internewskosova.org\/?s={search_term_string}\"},\"query-input\":{\"@type\":\"PropertyValueSpecification\",\"valueRequired\":true,\"valueName\":\"search_term_string\"}}],\"inLanguage\":\"sq-AL\"},{\"@type\":\"Person\",\"@id\":\"https:\/\/internewskosova.org\/#\/schema\/person\/df061921b05fb4846fa727287c760e13\",\"name\":\"internewskosova\",\"image\":{\"@type\":\"ImageObject\",\"inLanguage\":\"sq-AL\",\"@id\":\"https:\/\/internewskosova.org\/#\/schema\/person\/image\/\",\"url\":\"https:\/\/secure.gravatar.com\/avatar\/42b3f84333815029cec0ac9d3a126330?s=96&d=mm&r=g\",\"contentUrl\":\"https:\/\/secure.gravatar.com\/avatar\/42b3f84333815029cec0ac9d3a126330?s=96&d=mm&r=g\",\"caption\":\"internewskosova\"},\"url\":\"https:\/\/internewskosova.org\/sq_al\/author\/internewskosova\/\"}]}<\/script>\n<!-- \/ Yoast SEO plugin. -->","yoast_head_json":{"title":"KONKURS PUNE:","robots":{"index":"index","follow":"follow","max-snippet":"max-snippet:-1","max-image-preview":"max-image-preview:large","max-video-preview":"max-video-preview:-1"},"canonical":"https:\/\/internewskosova.org\/sq_al\/konkurs-pune\/","og_locale":"sq_AL","og_type":"article","og_title":"KONKURS PUNE:","og_description":"Internews Kosova shpall konkurs p\u00ebr k\u00ebto vende pune n\u00eb Prishtin\u00eb, Kosov\u00eb: Asistent produksioni\u00a0\u00a0\u00a0\u00a0\u00a0\u00a0\u00a0\u00a0\u00a0\u00a0\u00a0\u00a0\u00a0\u00a0\u00a0\u00a0\u00a0\u00a0\u00a0\u00a0\u00a0\u00a0\u00a0\u00a0\u00a0\u00a0\u00a0\u00a0\u00a0\u00a0\u00a0\u00a0\u00a0\u00a0\u00a0\u00a0\u00a0\u00a0\u00a0\u00a0\u00a0\u00a0\u00a0\u00a0\u00a0\u00a0\u00a0\u00a0\u00a0\u00a0\u00a0\u00a0\u00a0\u00a0\u00a0\u00a0\u00a0\u00a0\u00a0\u00a0\u00a0\u00a0\u00a0\u00a0\u00a0\u00a0\u00a0\u00a0\u00a0\u00a0\u00a0\u00a0\u00a0\u00a0\u00a0\u00a0\u00a0\u00a0\u00a0\u00a0\u00a0\u00a0\u00a0\u00a0\u00a0\u00a0\u00a0\u00a0\u00a0\u00a0\u00a0\u00a0\u00a0\u00a0\u00a0\u00a0 Detyrat dhe p\u00ebrgjegj\u00ebsit\u00eb: -Koordinon dhe organizon procesin e\u00a0 mbar\u00ebvajtjes s\u00eb para-produksionit, produksionit, post-produksionit, duke u bazuar n\u00eb planin javor t\u00eb p\u00ebrcaktuar nga pun\u00ebdh\u00ebn\u00ebsi; -Raporton n\u00eb baza javore p\u00ebr pun\u00ebt e stafit teknik si dhe gjendjen e audio\/video pajisjeve; -Angazhohet n\u00eb xhirim si [&hellip;]","og_url":"https:\/\/internewskosova.org\/sq_al\/konkurs-pune\/","og_site_name":"Internews Kosova","article_published_time":"2017-04-29T21:04:55+00:00","article_modified_time":"2018-01-25T13:03:26+00:00","og_image":[{"width":960,"height":800,"url":"https:\/\/internewskosova.org\/wp-content\/uploads\/2017\/04\/internewskosova.jpg","type":"image\/jpeg"}],"author":"internewskosova","twitter_card":"summary_large_image","twitter_misc":{"Written by":"internewskosova","Est. reading time":"2 minutes"},"schema":{"@context":"https:\/\/schema.org","@graph":[{"@type":"WebPage","@id":"https:\/\/internewskosova.org\/konkurs-pune\/","url":"https:\/\/internewskosova.org\/konkurs-pune\/","name":"KONKURS PUNE:","isPartOf":{"@id":"https:\/\/internewskosova.org\/#website"},"primaryImageOfPage":{"@id":"https:\/\/internewskosova.org\/konkurs-pune\/#primaryimage"},"image":{"@id":"https:\/\/internewskosova.org\/konkurs-pune\/#primaryimage"},"thumbnailUrl":"https:\/\/internewskosova.org\/wp-content\/uploads\/2017\/04\/internewskosova.jpg","datePublished":"2017-04-29T21:04:55+00:00","dateModified":"2018-01-25T13:03:26+00:00","author":{"@id":"https:\/\/internewskosova.org\/#\/schema\/person\/df061921b05fb4846fa727287c760e13"},"breadcrumb":{"@id":"https:\/\/internewskosova.org\/konkurs-pune\/#breadcrumb"},"inLanguage":"sq-AL","potentialAction":[{"@type":"ReadAction","target":["https:\/\/internewskosova.org\/konkurs-pune\/"]}]},{"@type":"ImageObject","inLanguage":"sq-AL","@id":"https:\/\/internewskosova.org\/konkurs-pune\/#primaryimage","url":"https:\/\/internewskosova.org\/wp-content\/uploads\/2017\/04\/internewskosova.jpg","contentUrl":"https:\/\/internewskosova.org\/wp-content\/uploads\/2017\/04\/internewskosova.jpg","width":960,"height":800},{"@type":"BreadcrumbList","@id":"https:\/\/internewskosova.org\/konkurs-pune\/#breadcrumb","itemListElement":[{"@type":"ListItem","position":1,"name":"Home","item":"https:\/\/internewskosova.org\/"},{"@type":"ListItem","position":2,"name":"KONKURS PUNE:"}]},{"@type":"WebSite","@id":"https:\/\/internewskosova.org\/#website","url":"https:\/\/internewskosova.org\/","name":"Internews Kosova","description":"","potentialAction":[{"@type":"SearchAction","target":{"@type":"EntryPoint","urlTemplate":"https:\/\/internewskosova.org\/?s={search_term_string}"},"query-input":{"@type":"PropertyValueSpecification","valueRequired":true,"valueName":"search_term_string"}}],"inLanguage":"sq-AL"},{"@type":"Person","@id":"https:\/\/internewskosova.org\/#\/schema\/person\/df061921b05fb4846fa727287c760e13","name":"internewskosova","image":{"@type":"ImageObject","inLanguage":"sq-AL","@id":"https:\/\/internewskosova.org\/#\/schema\/person\/image\/","url":"https:\/\/secure.gravatar.com\/avatar\/42b3f84333815029cec0ac9d3a126330?s=96&d=mm&r=g","contentUrl":"https:\/\/secure.gravatar.com\/avatar\/42b3f84333815029cec0ac9d3a126330?s=96&d=mm&r=g","caption":"internewskosova"},"url":"https:\/\/internewskosova.org\/sq_al\/author\/internewskosova\/"}]}},"_links":{"self":[{"href":"https:\/\/internewskosova.org\/sq_al\/wp-json\/wp\/v2\/posts\/368","targetHints":{"allow":["GET"]}}],"collection":[{"href":"https:\/\/internewskosova.org\/sq_al\/wp-json\/wp\/v2\/posts"}],"about":[{"href":"https:\/\/internewskosova.org\/sq_al\/wp-json\/wp\/v2\/types\/post"}],"author":[{"embeddable":true,"href":"https:\/\/internewskosova.org\/sq_al\/wp-json\/wp\/v2\/users\/1"}],"replies":[{"embeddable":true,"href":"https:\/\/internewskosova.org\/sq_al\/wp-json\/wp\/v2\/comments?post=368"}],"version-history":[{"count":1,"href":"https:\/\/internewskosova.org\/sq_al\/wp-json\/wp\/v2\/posts\/368\/revisions"}],"predecessor-version":[{"id":1026,"href":"https:\/\/internewskosova.org\/sq_al\/wp-json\/wp\/v2\/posts\/368\/revisions\/1026"}],"wp:featuredmedia":[{"embeddable":true,"href":"https:\/\/internewskosova.org\/sq_al\/wp-json\/wp\/v2\/media\/369"}],"wp:attachment":[{"href":"https:\/\/internewskosova.org\/sq_al\/wp-json\/wp\/v2\/media?parent=368"}],"wp:term":[{"taxonomy":"category","embeddable":true,"href":"https:\/\/internewskosova.org\/sq_al\/wp-json\/wp\/v2\/categories?post=368"},{"taxonomy":"post_tag","embeddable":true,"href":"https:\/\/internewskosova.org\/sq_al\/wp-json\/wp\/v2\/tags?post=368"}],"curies":[{"name":"wp","href":"https:\/\/api.w.org\/{rel}","templated":true}]}}