{"id":403,"date":"2017-04-29T22:27:37","date_gmt":"2017-04-29T21:27:37","guid":{"rendered":"http:\/\/internewskosova.org\/?p=403"},"modified":"2018-01-26T00:57:55","modified_gmt":"2018-01-26T00:57:55","slug":"krypometri-kontrolluesi-i-pare-i-fakteve-ne-kosove","status":"publish","type":"post","link":"https:\/\/internewskosova.org\/sq_al\/krypometri-kontrolluesi-i-pare-i-fakteve-ne-kosove\/","title":{"rendered":"Kontrolluesi i par\u00eb i fakteve n\u00eb Kosov\u00eb"},"content":{"rendered":"<p class=\"short-text\" style=\"text-align: center;\"><strong>KALLXO.com nga nes\u00ebr fillon nj\u00eb form\u00eb t\u00eb re t\u00eb matjes s\u00eb v\u00ebrtet\u00ebsis\u00eb s\u00eb deklaratave publike nga zyrtar\u00ebt e lart\u00eb shtet\u00ebror\u00eb. E kemi quajtur &#8220;Krypomet\u00ebr&#8221;. Pse?<\/strong><\/p>\n<div class=\"full-text\">\n<p>&nbsp;<\/p>\n<p>Me q\u00ebllim ose nga mosdija president\u00ebt, kryeministrat, ministrat dhe politikan\u00ebt t\u00eb ndrysh\u00ebm p\u00ebr 17 vjet kan\u00eb l\u00ebshuar deklarata t\u00eb paqena, me q\u00ebllim t\u00eb arritjes s\u00eb synimeve t\u00eb tyre apo p\u00ebrhapjes s\u00eb mjegull\u00ebs. P\u00ebr k\u00ebto deklarata \u00ebsht\u00eb folur e debatuar n\u00ebp\u00ebr koluare, e m\u00eb pak n\u00ebp\u00ebr media.<\/p>\n<p>Deri tani, ky debat shoq\u00ebror ka kaluar pa nj\u00eb mat\u00ebs t\u00eb v\u00ebrtet\u00eb i cili do t\u2019ia b\u00ebnte t\u00eb qart\u00eb qytetarit t\u00eb v\u00ebrtet\u00ebn.<\/p>\n<p>N\u00eb 17 vitet e fundit nuk ka pasur verifikim sistematik t\u00eb v\u00ebrtet\u00ebsis\u00eb s\u00eb atyre q\u00eb kan\u00eb th\u00ebn\u00eb personat q\u00eb kan\u00eb mbajtur pozita publike.<\/p>\n<p>Duke par\u00eb mjegull\u00ebn paqart\u00ebsin\u00eb dhe munges\u00ebn e llogaridh\u00ebnies p\u00ebr deklaratat publike, KALLXO.com dhe Jeta n\u00eb Kosov\u00eb, p\u00ebr her\u00eb t\u00eb par\u00eb n\u00eb Kosov\u00eb, do t\u00eb lansojn\u00eb mat\u00ebsin e s\u00eb v\u00ebrtet\u00ebs apo verifikuesin e fakteve (fact-check).<\/p>\n<p>Mat\u00ebsin ton\u00eb t\u00eb s\u00eb v\u00ebrtet\u00ebs kemi vendosur ta quajm\u00eb KRYPOMET\u00cbR.<\/p>\n<p>\u201cNa krypi tu na rrejt\u201d \u00ebsht\u00eb frazeologji e gjuh\u00ebs shqipe q\u00eb p\u00ebrdoret p\u00ebr t\u00eb rr\u00ebfyer p\u00ebr nj\u00eb njeri q\u00eb g\u00ebnjen. M\u00eb sakt\u00ebsisht, kjo \u00ebsht\u00eb nj\u00eb gjendje ku niveli i sasis\u00eb s\u00eb kryp\u00ebs n\u00eb nj\u00eb ushqim p\u00ebrjetohet si niveli i toleranc\u00ebs s\u00eb shijes s\u00eb njeriut p\u00ebr t\u00eb p\u00ebrbir\u00eb nj\u00eb gj\u00eb t\u00eb servuar apo p\u00ebr mos ta p\u00ebrbir\u00eb. Kjo nga mediat e ndryshme bot\u00ebrore ka marr\u00eb em\u00ebrtime t\u00eb ndryshme. Ne p\u00ebrmes numrit t\u00eb kryporeve do ta matim nivelin e g\u00ebnjeshtr\u00ebs, apo s\u00eb v\u00ebrtet\u00ebs, q\u00eb i servohet publikut nga personat publik\u00eb. Pra, do ta p\u00ebrdorim kryp\u00ebn si sinonim popullor me rren\u00ebn apo g\u00ebnjeshtr\u00ebn.<\/p>\n<p>Q\u00ebllimi i Krypometrit \u00ebsht\u00eb t\u00eb reflektoj\u00eb mbi v\u00ebrtet\u00ebsin\u00eb e nj\u00eb deklarate publike, ta skanoj\u00eb e ta inspektoj\u00eb nj\u00eb deklarat\u00eb t\u00eb nj\u00eb figure politike lidhur me \u00e7\u00ebshtjet me r\u00ebnd\u00ebsi t\u00eb madhe, lokale, qendrore apo nd\u00ebrkomb\u00ebtare.<\/p>\n<p>Do t\u00eb p\u00ebrzgjidhen deklaratat nga fjalimet, lajmet, intervistat e shkruara dhe t\u00eb transmetuara, deklarata p\u00ebr shtyp, broshura fushatash, reklama, postime t\u00eb Facebook-ut. P\u00ebr shkak se nuk mund t\u2019i p\u00ebrzgjedhim t\u00eb gjitha pohimet, ne do t\u00eb fokusohemi te ato q\u00eb jan\u00eb m\u00eb aktuale dhe t\u00eb r\u00ebnd\u00ebsishme. Nuk do t\u00eb punojm\u00eb vet\u00ebm n\u00eb fushata zgjedhore, por gjat\u00eb gjith\u00eb koh\u00ebs. \u00cbsht\u00eb normale q\u00eb n\u00eb fushata zgjedhore, si\u00e7 edhe kemi qen\u00eb d\u00ebshmitar\u00eb n\u00eb t\u00eb kaluar\u00ebn, jan\u00eb th\u00ebn\u00eb m\u00eb shum\u00eb t\u00eb pav\u00ebrteta, sidomos p\u00ebr t\u00eb ardhmen.<\/p>\n<p>Por zgjedhja nuk do jet\u00eb vet\u00ebm e jona. Qytetar\u00ebt t\u00eb cil\u00ebt jan\u00eb duke i d\u00ebgjuar deklaratat, ekspert\u00ebt e fushave, dijetar\u00ebt dhe njer\u00ebzit e shkenc\u00ebs mund t\u00eb sugjerojn\u00eb q\u00eb deklarata t\u00eb caktuara t\u00eb maten me krypomet\u00ebr.<\/p>\n<p>N\u00eb k\u00ebt\u00eb form\u00eb synojm\u00eb t\u00eb kemi nj\u00eb qytetar dhe klas\u00eb intelektuale aktive duke u sugjeruar dhe ofruar nj\u00eb vend ku ata mund t\u2019i kund\u00ebrshtojn\u00eb me prova e fakte deklaratat e dh\u00ebna n\u00eb publik.<\/p>\n<p>Deklaratat do t\u00eb maten n\u00eb baz\u00eb t\u00eb kritereve q\u00eb do t\u00eb jen\u00eb publike, e p\u00ebr t\u00eb cilat jemi t\u00eb hapur t\u00eb pranojm\u00eb edhe v\u00ebrejtje, kritika e sugjerime. Jan\u00eb pes\u00eb nivele t\u00eb mat\u00ebsit t\u00eb s\u00eb v\u00ebrtet\u00ebs, t\u00eb gjitha me sinonimin e kryp\u00ebs.<\/p>\n<p>Nj\u00eb krypore p\u00ebrdoret p\u00ebr nj\u00eb deklarat\u00eb q\u00eb \u00ebsht\u00eb e v\u00ebrtet\u00eb. T\u00eb gjitha kategorit\u00eb tjera rendisin t\u00eb pav\u00ebrtetat. Pra, i kemi ndar\u00eb n\u00eb kat\u00ebr kategori rren\u00ebn, p\u00ebr t\u00eb klasifikuar gjysm\u00eb t\u00eb v\u00ebrtet\u00ebn nga rrena. Dy krypore do t\u2019ia vendosim deklarat\u00ebs e cila tregon nj\u00eb t\u00eb v\u00ebrtet\u00eb selektive. Pra, deklarat\u00ebs e cila ka disa mang\u00ebsi, zmadhime dhe pak dredhime t\u00eb s\u00eb v\u00ebrtet\u00ebs, por nuk ka rren\u00eb t\u00eb qart\u00eb andaj klasifikohet si pjes\u00ebrisht e v\u00ebrtet\u00eb.<\/p>\n<p>Kemi parapar\u00eb edhe vler\u00ebsimin p\u00ebr at\u00eb q\u00eb e kemi quajtur \u201cMe Kos\u201d, q\u00eb p\u00ebrdoret p\u00ebr ato deklarata t\u00eb cilat kan\u00eb l\u00ebshime serioze ose\/dhe ekzagjerime t\u00eb tepruara. N\u00eb k\u00ebt\u00eb kategori hyjn\u00eb edhe deklaratat q\u00eb mund t\u00eb p\u00ebrfshijn\u00eb edhe gabime faktuale, por nuk \u00ebsht\u00eb e domosdoshme. Nj\u00eb politikan mund t\u00eb krijoj\u00eb nj\u00eb p\u00ebrshtypje t\u00eb gabuar duke luajtur me fjal\u00eb dhe duke p\u00ebrdorur gjuh\u00eb q\u00eb nuk ka ndonj\u00eb dometh\u00ebnie p\u00ebr njer\u00ebzit e thjesht\u00eb. Kjo pra klasifikohet si gjysm\u00eb e v\u00ebrtet\u00eb, apo sipas gjuh\u00ebs popullore \u201ce p\u00ebrzime me kos\u201d.<\/p>\n<p>Kur deklarata nuk \u00ebsht\u00eb e v\u00ebrtet\u00eb, at\u00ebher\u00eb do t\u2019i vendosim kat\u00ebr krypore. Nj\u00eb deklarat\u00eb vler\u00ebsohet se \u00ebsht\u00eb e pa-v\u00ebrtet\u00eb kur ajo ka gabime faktike. Deklaratat e tilla mund edhe t\u00eb p\u00ebrdorin t\u00eb dh\u00ebna q\u00eb jan\u00eb teknikisht korrekte (si p\u00ebr shembull: t\u00eb dh\u00ebna statistikore zyrtare), por jan\u00eb t\u00eb p\u00ebrdorura aq jasht\u00eb kontekstit sa q\u00eb p\u00ebrfundojn\u00eb t\u00eb jen\u00eb mashtruese.<\/p>\n<p>P\u00ebrve\u00e7 rren\u00ebs, e kemi edhe rren\u00ebn e krypt\u00eb. Ky vler\u00ebsim (rren\u00eb e krypt\u00eb) i b\u00ebhet deklaratave q\u00eb jan\u00eb g\u00ebnjeshtra t\u00eb kulluara \u2013 jo vet\u00ebm q\u00eb nuk \u00ebsht\u00eb e v\u00ebrtet\u00eb por n\u00eb vete ng\u00ebrthen edhe pretendime qesharake\/t\u00eb pamenduara\/absurde. \u2018Hetimet Vazhdojn\u00eb\u2019 do t\u00eb p\u00ebrdoret n\u00eb rastet kur nuk mund t\u00eb arrihet shpejt nj\u00eb kontrollim i deklarat\u00ebs dhe kur nj\u00eb \u00e7\u00ebshtje \u00ebsht\u00eb shum\u00eb komplekse ose kur ka argumente t\u00eb mira n\u00eb t\u00eb dyja an\u00ebt. Ne do ta stopojm\u00eb vler\u00ebsimin p\u00ebr t\u00eb mbledhur ende fakte. Do ta p\u00ebrdorim k\u00ebt\u00eb forum p\u00ebr t\u2019i ndri\u00e7uar sa m\u00eb shum\u00eb deklaratat kontroverse q\u00eb nuk mund t\u00eb zgjidhen leht\u00eb.<\/p>\n<p>T\u00eb gjitha vler\u00ebsimet jan\u00eb t\u00eb hapura p\u00ebr debat dhe kritik\u00eb prej publikut ton\u00eb dhe pal\u00ebt e interesuara, si dhe t\u00eb gjitha vler\u00ebsimet mund t\u00eb freskohen kur t\u00eb paraqiten fakte t\u00eb reja.<\/p>\n<p>Suksesi i k\u00ebtij projekti varet, n\u00eb nj\u00eb mas\u00eb t\u00eb madhe edhe nga ju \u2013 lexuesi e shikuesi yn\u00eb. Do t\u00eb mb\u00ebshtetemi n\u00eb publikun p\u00ebr t\u00eb na d\u00ebrguar sugjerime p\u00ebr deklarata q\u00eb jan\u00eb b\u00ebr\u00eb nga politikan\u00eb, grupe t\u00eb interesit si dhe nga mediat q\u00eb t\u2019i inspektojm\u00eb se sa jan\u00eb k\u00ebto t\u00eb bazuara n\u00eb fakte. I mir\u00ebpresim komentet e sugjerimet p\u00ebrmes @krypomet\u00ebr n\u00eb Facebook dhe Twitter. Synimi final i k\u00ebtij projekti nuk \u00ebsht\u00eb q\u00eb t\u2019i themi dikujt q\u00eb po rren, mir\u00ebpo ta zvog\u00eblojm\u00eb nivelin e mashtrimit dhe manipulimin nga njer\u00ebzit e pushtetsh\u00ebm.<\/p>\n<p>KALLXO.com dhe \u201cJeta n\u00eb Kosov\u00eb\u201d jan\u00eb pjes\u00eb t\u00eb Rrjetit Nd\u00ebrkomb\u00ebtar t\u00eb Kontrolluesve t\u00eb Fakteve (IFCN) t\u00eb Institutit Poynter. P\u00ebrve\u00e7 q\u00eb jemi pjes\u00eb e nj\u00eb rrjeti nd\u00ebrkomb\u00ebtar t\u00eb inspektuesve t\u00eb fakteve, apo komunitet q\u00eb quhet \u201cfact-checkers\u201d (verifikues faktesh), jemi edhe n\u00ebnshkrues t\u00eb Parimeve Etike t\u00eb cilat duhet t\u00eb zbatohen me rastin e kontrollimit t\u00eb fakteve. Nj\u00eb verifikim i paansh\u00ebm dhe transparent i fakteve mund t\u00eb b\u00ebhet instrument i fuqish\u00ebm p\u00ebr gazetari llogari-dh\u00ebn\u00ebse.<\/p>\n<\/div>","protected":false},"excerpt":{"rendered":"<p>KALLXO.com nga nes\u00ebr fillon nj\u00eb form\u00eb t\u00eb re t\u00eb matjes s\u00eb v\u00ebrtet\u00ebsis\u00eb s\u00eb deklaratave publike nga zyrtar\u00ebt e lart\u00eb shtet\u00ebror\u00eb. E kemi quajtur &#8220;Krypomet\u00ebr&#8221;. Pse? &nbsp; Me q\u00ebllim ose nga mosdija president\u00ebt, kryeministrat, ministrat dhe politikan\u00ebt t\u00eb ndrysh\u00ebm p\u00ebr 17 vjet kan\u00eb l\u00ebshuar deklarata t\u00eb paqena, me q\u00ebllim t\u00eb arritjes s\u00eb synimeve t\u00eb tyre apo [&hellip;]<\/p>","protected":false},"author":1,"featured_media":1147,"comment_status":"open","ping_status":"open","sticky":false,"template":"","format":"standard","meta":{"_FSMCFIC_featured_image_caption":"","_FSMCFIC_featured_image_nocaption":"","_FSMCFIC_featured_image_hide":"","footnotes":""},"categories":[18],"tags":[],"class_list":["post-403","post","type-post","status-publish","format-standard","has-post-thumbnail","hentry","category-lajmet"],"yoast_head":"<!-- This site is optimized with the Yoast SEO plugin v24.9 - https:\/\/yoast.com\/wordpress\/plugins\/seo\/ -->\n<title>Kontrolluesi i par\u00eb i fakteve n\u00eb Kosov\u00eb<\/title>\n<meta name=\"robots\" content=\"index, follow, max-snippet:-1, max-image-preview:large, max-video-preview:-1\" \/>\n<link rel=\"canonical\" href=\"https:\/\/internewskosova.org\/sq_al\/krypometri-kontrolluesi-i-pare-i-fakteve-ne-kosove\/\" \/>\n<meta property=\"og:locale\" content=\"sq_AL\" \/>\n<meta property=\"og:type\" content=\"article\" \/>\n<meta property=\"og:title\" content=\"Kontrolluesi i par\u00eb i fakteve n\u00eb Kosov\u00eb\" \/>\n<meta property=\"og:description\" content=\"KALLXO.com nga nes\u00ebr fillon nj\u00eb form\u00eb t\u00eb re t\u00eb matjes s\u00eb v\u00ebrtet\u00ebsis\u00eb s\u00eb deklaratave publike nga zyrtar\u00ebt e lart\u00eb shtet\u00ebror\u00eb. E kemi quajtur &#8220;Krypomet\u00ebr&#8221;. Pse? &nbsp; Me q\u00ebllim ose nga mosdija president\u00ebt, kryeministrat, ministrat dhe politikan\u00ebt t\u00eb ndrysh\u00ebm p\u00ebr 17 vjet kan\u00eb l\u00ebshuar deklarata t\u00eb paqena, me q\u00ebllim t\u00eb arritjes s\u00eb synimeve t\u00eb tyre apo [&hellip;]\" \/>\n<meta property=\"og:url\" content=\"https:\/\/internewskosova.org\/sq_al\/krypometri-kontrolluesi-i-pare-i-fakteve-ne-kosove\/\" \/>\n<meta property=\"og:site_name\" content=\"Internews Kosova\" \/>\n<meta property=\"article:published_time\" content=\"2017-04-29T21:27:37+00:00\" \/>\n<meta property=\"article:modified_time\" content=\"2018-01-26T00:57:55+00:00\" \/>\n<meta property=\"og:image\" content=\"https:\/\/internewskosova.org\/wp-content\/uploads\/2017\/04\/dsds.jpg\" \/>\n\t<meta property=\"og:image:width\" content=\"400\" \/>\n\t<meta property=\"og:image:height\" content=\"246\" \/>\n\t<meta property=\"og:image:type\" content=\"image\/jpeg\" \/>\n<meta name=\"author\" content=\"internewskosova\" \/>\n<meta name=\"twitter:card\" content=\"summary_large_image\" \/>\n<meta name=\"twitter:label1\" content=\"Written by\" \/>\n\t<meta name=\"twitter:data1\" content=\"internewskosova\" \/>\n\t<meta name=\"twitter:label2\" content=\"Est. reading time\" \/>\n\t<meta name=\"twitter:data2\" content=\"6 minutes\" \/>\n<script type=\"application\/ld+json\" class=\"yoast-schema-graph\">{\"@context\":\"https:\/\/schema.org\",\"@graph\":[{\"@type\":\"WebPage\",\"@id\":\"https:\/\/internewskosova.org\/krypometri-kontrolluesi-i-pare-i-fakteve-ne-kosove\/\",\"url\":\"https:\/\/internewskosova.org\/krypometri-kontrolluesi-i-pare-i-fakteve-ne-kosove\/\",\"name\":\"Kontrolluesi i par\u00eb i fakteve n\u00eb Kosov\u00eb\",\"isPartOf\":{\"@id\":\"https:\/\/internewskosova.org\/#website\"},\"primaryImageOfPage\":{\"@id\":\"https:\/\/internewskosova.org\/krypometri-kontrolluesi-i-pare-i-fakteve-ne-kosove\/#primaryimage\"},\"image\":{\"@id\":\"https:\/\/internewskosova.org\/krypometri-kontrolluesi-i-pare-i-fakteve-ne-kosove\/#primaryimage\"},\"thumbnailUrl\":\"https:\/\/internewskosova.org\/wp-content\/uploads\/2017\/04\/dsds.jpg\",\"datePublished\":\"2017-04-29T21:27:37+00:00\",\"dateModified\":\"2018-01-26T00:57:55+00:00\",\"author\":{\"@id\":\"https:\/\/internewskosova.org\/#\/schema\/person\/df061921b05fb4846fa727287c760e13\"},\"breadcrumb\":{\"@id\":\"https:\/\/internewskosova.org\/krypometri-kontrolluesi-i-pare-i-fakteve-ne-kosove\/#breadcrumb\"},\"inLanguage\":\"sq-AL\",\"potentialAction\":[{\"@type\":\"ReadAction\",\"target\":[\"https:\/\/internewskosova.org\/krypometri-kontrolluesi-i-pare-i-fakteve-ne-kosove\/\"]}]},{\"@type\":\"ImageObject\",\"inLanguage\":\"sq-AL\",\"@id\":\"https:\/\/internewskosova.org\/krypometri-kontrolluesi-i-pare-i-fakteve-ne-kosove\/#primaryimage\",\"url\":\"https:\/\/internewskosova.org\/wp-content\/uploads\/2017\/04\/dsds.jpg\",\"contentUrl\":\"https:\/\/internewskosova.org\/wp-content\/uploads\/2017\/04\/dsds.jpg\",\"width\":400,\"height\":246},{\"@type\":\"BreadcrumbList\",\"@id\":\"https:\/\/internewskosova.org\/krypometri-kontrolluesi-i-pare-i-fakteve-ne-kosove\/#breadcrumb\",\"itemListElement\":[{\"@type\":\"ListItem\",\"position\":1,\"name\":\"Home\",\"item\":\"https:\/\/internewskosova.org\/\"},{\"@type\":\"ListItem\",\"position\":2,\"name\":\"Kontrolluesi i par\u00eb i fakteve n\u00eb Kosov\u00eb\"}]},{\"@type\":\"WebSite\",\"@id\":\"https:\/\/internewskosova.org\/#website\",\"url\":\"https:\/\/internewskosova.org\/\",\"name\":\"Internews Kosova\",\"description\":\"\",\"potentialAction\":[{\"@type\":\"SearchAction\",\"target\":{\"@type\":\"EntryPoint\",\"urlTemplate\":\"https:\/\/internewskosova.org\/?s={search_term_string}\"},\"query-input\":{\"@type\":\"PropertyValueSpecification\",\"valueRequired\":true,\"valueName\":\"search_term_string\"}}],\"inLanguage\":\"sq-AL\"},{\"@type\":\"Person\",\"@id\":\"https:\/\/internewskosova.org\/#\/schema\/person\/df061921b05fb4846fa727287c760e13\",\"name\":\"internewskosova\",\"image\":{\"@type\":\"ImageObject\",\"inLanguage\":\"sq-AL\",\"@id\":\"https:\/\/internewskosova.org\/#\/schema\/person\/image\/\",\"url\":\"https:\/\/secure.gravatar.com\/avatar\/42b3f84333815029cec0ac9d3a126330?s=96&d=mm&r=g\",\"contentUrl\":\"https:\/\/secure.gravatar.com\/avatar\/42b3f84333815029cec0ac9d3a126330?s=96&d=mm&r=g\",\"caption\":\"internewskosova\"},\"url\":\"https:\/\/internewskosova.org\/sq_al\/author\/internewskosova\/\"}]}<\/script>\n<!-- \/ Yoast SEO plugin. -->","yoast_head_json":{"title":"Kontrolluesi i par\u00eb i fakteve n\u00eb Kosov\u00eb","robots":{"index":"index","follow":"follow","max-snippet":"max-snippet:-1","max-image-preview":"max-image-preview:large","max-video-preview":"max-video-preview:-1"},"canonical":"https:\/\/internewskosova.org\/sq_al\/krypometri-kontrolluesi-i-pare-i-fakteve-ne-kosove\/","og_locale":"sq_AL","og_type":"article","og_title":"Kontrolluesi i par\u00eb i fakteve n\u00eb Kosov\u00eb","og_description":"KALLXO.com nga nes\u00ebr fillon nj\u00eb form\u00eb t\u00eb re t\u00eb matjes s\u00eb v\u00ebrtet\u00ebsis\u00eb s\u00eb deklaratave publike nga zyrtar\u00ebt e lart\u00eb shtet\u00ebror\u00eb. E kemi quajtur &#8220;Krypomet\u00ebr&#8221;. Pse? &nbsp; Me q\u00ebllim ose nga mosdija president\u00ebt, kryeministrat, ministrat dhe politikan\u00ebt t\u00eb ndrysh\u00ebm p\u00ebr 17 vjet kan\u00eb l\u00ebshuar deklarata t\u00eb paqena, me q\u00ebllim t\u00eb arritjes s\u00eb synimeve t\u00eb tyre apo [&hellip;]","og_url":"https:\/\/internewskosova.org\/sq_al\/krypometri-kontrolluesi-i-pare-i-fakteve-ne-kosove\/","og_site_name":"Internews Kosova","article_published_time":"2017-04-29T21:27:37+00:00","article_modified_time":"2018-01-26T00:57:55+00:00","og_image":[{"width":400,"height":246,"url":"https:\/\/internewskosova.org\/wp-content\/uploads\/2017\/04\/dsds.jpg","type":"image\/jpeg"}],"author":"internewskosova","twitter_card":"summary_large_image","twitter_misc":{"Written by":"internewskosova","Est. reading time":"6 minutes"},"schema":{"@context":"https:\/\/schema.org","@graph":[{"@type":"WebPage","@id":"https:\/\/internewskosova.org\/krypometri-kontrolluesi-i-pare-i-fakteve-ne-kosove\/","url":"https:\/\/internewskosova.org\/krypometri-kontrolluesi-i-pare-i-fakteve-ne-kosove\/","name":"Kontrolluesi i par\u00eb i fakteve n\u00eb Kosov\u00eb","isPartOf":{"@id":"https:\/\/internewskosova.org\/#website"},"primaryImageOfPage":{"@id":"https:\/\/internewskosova.org\/krypometri-kontrolluesi-i-pare-i-fakteve-ne-kosove\/#primaryimage"},"image":{"@id":"https:\/\/internewskosova.org\/krypometri-kontrolluesi-i-pare-i-fakteve-ne-kosove\/#primaryimage"},"thumbnailUrl":"https:\/\/internewskosova.org\/wp-content\/uploads\/2017\/04\/dsds.jpg","datePublished":"2017-04-29T21:27:37+00:00","dateModified":"2018-01-26T00:57:55+00:00","author":{"@id":"https:\/\/internewskosova.org\/#\/schema\/person\/df061921b05fb4846fa727287c760e13"},"breadcrumb":{"@id":"https:\/\/internewskosova.org\/krypometri-kontrolluesi-i-pare-i-fakteve-ne-kosove\/#breadcrumb"},"inLanguage":"sq-AL","potentialAction":[{"@type":"ReadAction","target":["https:\/\/internewskosova.org\/krypometri-kontrolluesi-i-pare-i-fakteve-ne-kosove\/"]}]},{"@type":"ImageObject","inLanguage":"sq-AL","@id":"https:\/\/internewskosova.org\/krypometri-kontrolluesi-i-pare-i-fakteve-ne-kosove\/#primaryimage","url":"https:\/\/internewskosova.org\/wp-content\/uploads\/2017\/04\/dsds.jpg","contentUrl":"https:\/\/internewskosova.org\/wp-content\/uploads\/2017\/04\/dsds.jpg","width":400,"height":246},{"@type":"BreadcrumbList","@id":"https:\/\/internewskosova.org\/krypometri-kontrolluesi-i-pare-i-fakteve-ne-kosove\/#breadcrumb","itemListElement":[{"@type":"ListItem","position":1,"name":"Home","item":"https:\/\/internewskosova.org\/"},{"@type":"ListItem","position":2,"name":"Kontrolluesi i par\u00eb i fakteve n\u00eb Kosov\u00eb"}]},{"@type":"WebSite","@id":"https:\/\/internewskosova.org\/#website","url":"https:\/\/internewskosova.org\/","name":"Internews Kosova","description":"","potentialAction":[{"@type":"SearchAction","target":{"@type":"EntryPoint","urlTemplate":"https:\/\/internewskosova.org\/?s={search_term_string}"},"query-input":{"@type":"PropertyValueSpecification","valueRequired":true,"valueName":"search_term_string"}}],"inLanguage":"sq-AL"},{"@type":"Person","@id":"https:\/\/internewskosova.org\/#\/schema\/person\/df061921b05fb4846fa727287c760e13","name":"internewskosova","image":{"@type":"ImageObject","inLanguage":"sq-AL","@id":"https:\/\/internewskosova.org\/#\/schema\/person\/image\/","url":"https:\/\/secure.gravatar.com\/avatar\/42b3f84333815029cec0ac9d3a126330?s=96&d=mm&r=g","contentUrl":"https:\/\/secure.gravatar.com\/avatar\/42b3f84333815029cec0ac9d3a126330?s=96&d=mm&r=g","caption":"internewskosova"},"url":"https:\/\/internewskosova.org\/sq_al\/author\/internewskosova\/"}]}},"_links":{"self":[{"href":"https:\/\/internewskosova.org\/sq_al\/wp-json\/wp\/v2\/posts\/403","targetHints":{"allow":["GET"]}}],"collection":[{"href":"https:\/\/internewskosova.org\/sq_al\/wp-json\/wp\/v2\/posts"}],"about":[{"href":"https:\/\/internewskosova.org\/sq_al\/wp-json\/wp\/v2\/types\/post"}],"author":[{"embeddable":true,"href":"https:\/\/internewskosova.org\/sq_al\/wp-json\/wp\/v2\/users\/1"}],"replies":[{"embeddable":true,"href":"https:\/\/internewskosova.org\/sq_al\/wp-json\/wp\/v2\/comments?post=403"}],"version-history":[{"count":5,"href":"https:\/\/internewskosova.org\/sq_al\/wp-json\/wp\/v2\/posts\/403\/revisions"}],"predecessor-version":[{"id":1149,"href":"https:\/\/internewskosova.org\/sq_al\/wp-json\/wp\/v2\/posts\/403\/revisions\/1149"}],"wp:featuredmedia":[{"embeddable":true,"href":"https:\/\/internewskosova.org\/sq_al\/wp-json\/wp\/v2\/media\/1147"}],"wp:attachment":[{"href":"https:\/\/internewskosova.org\/sq_al\/wp-json\/wp\/v2\/media?parent=403"}],"wp:term":[{"taxonomy":"category","embeddable":true,"href":"https:\/\/internewskosova.org\/sq_al\/wp-json\/wp\/v2\/categories?post=403"},{"taxonomy":"post_tag","embeddable":true,"href":"https:\/\/internewskosova.org\/sq_al\/wp-json\/wp\/v2\/tags?post=403"}],"curies":[{"name":"wp","href":"https:\/\/api.w.org\/{rel}","templated":true}]}}