{"id":981,"date":"2016-01-09T10:27:51","date_gmt":"2016-01-09T10:27:51","guid":{"rendered":"http:\/\/internewskosova.org\/?p=1"},"modified":"2016-01-09T10:27:51","modified_gmt":"2016-01-09T10:27:51","slug":"per-ne","status":"publish","type":"post","link":"https:\/\/internewskosova.org\/sq_al\/per-ne\/","title":{"rendered":"Rreth nesh"},"content":{"rendered":"<p class=\"short-text\">Internews Kosova \u00ebsht\u00eb nj\u00eb Organizat\u00eb Jo-Qeveritare, e themeluar n\u00eb vitin 1999 dhe \u00ebsht\u00eb an\u00ebtare e rrjetit nd\u00ebrkomb\u00ebtar t\u00eb organizatave t\u00eb ngjashme Internews International.<\/p>\n<div class=\"full-text\">\n<p>Internews Kosova \u00ebsht\u00eb nj\u00eb Organizat\u00eb Jo-Qeveritare, e themeluar n\u00eb vitin 1999 dhe \u00ebsht\u00eb an\u00ebtare e rrjetit nd\u00ebrkomb\u00ebtar t\u00eb organizatave t\u00eb ngjashme Internews International.<\/p>\n<p>Synimi primar i Internews Kosov\u00ebs \u00ebsht\u00eb p\u00ebrkrahja e shoq\u00ebris\u00eb civile dhe zhvillimi i medieve t\u00eb pavarura dhe profesionale n\u00eb Kosov\u00eb.<\/p>\n<p>&nbsp;<\/p>\n<p>Q\u00eb nga viti 2005 Internews Kosova bashk\u00ebpunon me Rrjetin Ballkanik i Gazetaris\u00eb Hulumtuese n\u00eb prodhimin e programeve televizive \u201cJeta n\u00eb Kosov\u00eb\u201d dhe \u201cDrejt\u00ebsia n\u00eb Kosov\u00eb\u201d t\u00eb cilat kan\u00eb arritur t\u00eb ndiqen prej nj\u00eb numri t\u00eb madh t\u00eb shikuesve.<\/p>\n<p>&nbsp;<\/p>\n<p>Deri m\u00eb tani, Internews Kosova me sukses ka drejtuar nj\u00eb num\u00ebr t\u00eb konsideruesh\u00ebm t\u00eb trajnimeve n\u00eb gazetari, media menaxhment, teknik\u00eb t\u00eb radios, njohuri p\u00ebr p\u00ebrdorimin e kompjuterit, p\u00ebrdorim t\u00eb Internetit e po ashtu ka siguruar k\u00ebshillime t\u00eb vazhdueshme p\u00ebr nj\u00eb num\u00ebr t\u00eb madh t\u00eb radiostacioneve kosovare. Pjes\u00ebmarr\u00ebsit tan\u00eb kan\u00eb qen\u00eb student\u00ebt e Universitetit t\u00eb Prishtin\u00ebs, profesionalist\u00eb t\u00eb medieve dhe fillestar\u00eb.<\/p>\n<p>&nbsp;<\/p>\n<p>Deri m\u00eb tani, Internews Kosova ka trajnuar:<\/p>\n<ul>\n<li>m\u00eb shum\u00eb se 260 media profesionist\u00eb prej t\u00eb cil\u00ebve 90 gazetar\u00eb ta radio stacioneve t\u00eb minoriteteve<\/li>\n<li>m\u00eb shum\u00eb se 160 gazetar\u00eb<\/li>\n<li>m\u00eb shum\u00eb se 40 menaxher\u00eb t\u00eb medieve<\/li>\n<li>m\u00eb shum\u00eb se 60 radio teknik\u00eb<\/li>\n<li>m\u00eb shum\u00eb se 300 student\u00eb t\u00eb Universitetit t\u00eb Prishtin\u00ebs n\u00eb kompjuter\u00eb dhe Internet<\/li>\n<\/ul>\n<p>&nbsp;<\/p>\n<p>Internews Kosova ka prodhuar m\u00eb shum\u00eb se 20 or\u00eb t\u00eb programeve t\u00eb ndryshme p\u00ebr radio, PSA, radio drama, intervista, etj, duke mbuluar audienc\u00eb prej diku rreth 1,500,000 d\u00ebgjueseve n\u00eb Kosov\u00eb.<\/p>\n<\/div>","protected":false},"excerpt":{"rendered":"<p>Internews Kosova \u00ebsht\u00eb nj\u00eb Organizat\u00eb Jo-Qeveritare, e themeluar n\u00eb vitin 1999 dhe \u00ebsht\u00eb an\u00ebtare e rrjetit nd\u00ebrkomb\u00ebtar t\u00eb organizatave t\u00eb ngjashme Internews International. Internews Kosova \u00ebsht\u00eb nj\u00eb Organizat\u00eb Jo-Qeveritare, e themeluar n\u00eb vitin 1999 dhe \u00ebsht\u00eb an\u00ebtare e rrjetit nd\u00ebrkomb\u00ebtar t\u00eb organizatave t\u00eb ngjashme Internews International. Synimi primar i Internews Kosov\u00ebs \u00ebsht\u00eb p\u00ebrkrahja e shoq\u00ebris\u00eb [&hellip;]<\/p>","protected":false},"author":1,"featured_media":0,"comment_status":"open","ping_status":"open","sticky":false,"template":"","format":"standard","meta":{"_FSMCFIC_featured_image_caption":"","_FSMCFIC_featured_image_nocaption":"","_FSMCFIC_featured_image_hide":"","footnotes":""},"categories":[16],"tags":[],"class_list":["post-981","post","type-post","status-publish","format-standard","hentry","category-uncategorized-sq"],"yoast_head":"<!-- This site is optimized with the Yoast SEO plugin v24.9 - https:\/\/yoast.com\/wordpress\/plugins\/seo\/ -->\n<title>Rreth nesh<\/title>\n<meta name=\"robots\" content=\"index, follow, max-snippet:-1, max-image-preview:large, max-video-preview:-1\" \/>\n<link rel=\"canonical\" href=\"https:\/\/internewskosova.org\/sq_al\/per-ne\/\" \/>\n<meta property=\"og:locale\" content=\"sq_AL\" \/>\n<meta property=\"og:type\" content=\"article\" \/>\n<meta property=\"og:title\" content=\"Rreth nesh\" \/>\n<meta property=\"og:description\" content=\"Internews Kosova \u00ebsht\u00eb nj\u00eb Organizat\u00eb Jo-Qeveritare, e themeluar n\u00eb vitin 1999 dhe \u00ebsht\u00eb an\u00ebtare e rrjetit nd\u00ebrkomb\u00ebtar t\u00eb organizatave t\u00eb ngjashme Internews International. Internews Kosova \u00ebsht\u00eb nj\u00eb Organizat\u00eb Jo-Qeveritare, e themeluar n\u00eb vitin 1999 dhe \u00ebsht\u00eb an\u00ebtare e rrjetit nd\u00ebrkomb\u00ebtar t\u00eb organizatave t\u00eb ngjashme Internews International. Synimi primar i Internews Kosov\u00ebs \u00ebsht\u00eb p\u00ebrkrahja e shoq\u00ebris\u00eb [&hellip;]\" \/>\n<meta property=\"og:url\" content=\"https:\/\/internewskosova.org\/sq_al\/per-ne\/\" \/>\n<meta property=\"og:site_name\" content=\"Internews Kosova\" \/>\n<meta property=\"article:published_time\" content=\"2016-01-09T10:27:51+00:00\" \/>\n<meta name=\"author\" content=\"internewskosova\" \/>\n<meta name=\"twitter:card\" content=\"summary_large_image\" \/>\n<meta name=\"twitter:label1\" content=\"Written by\" \/>\n\t<meta name=\"twitter:data1\" content=\"internewskosova\" \/>\n\t<meta name=\"twitter:label2\" content=\"Est. reading time\" \/>\n\t<meta name=\"twitter:data2\" content=\"1 minute\" \/>\n<script type=\"application\/ld+json\" class=\"yoast-schema-graph\">{\"@context\":\"https:\/\/schema.org\",\"@graph\":[{\"@type\":\"WebPage\",\"@id\":\"https:\/\/internewskosova.org\/per-ne\/\",\"url\":\"https:\/\/internewskosova.org\/per-ne\/\",\"name\":\"Rreth nesh\",\"isPartOf\":{\"@id\":\"https:\/\/internewskosova.org\/#website\"},\"datePublished\":\"2016-01-09T10:27:51+00:00\",\"author\":{\"@id\":\"https:\/\/internewskosova.org\/#\/schema\/person\/df061921b05fb4846fa727287c760e13\"},\"breadcrumb\":{\"@id\":\"https:\/\/internewskosova.org\/per-ne\/#breadcrumb\"},\"inLanguage\":\"sq-AL\",\"potentialAction\":[{\"@type\":\"ReadAction\",\"target\":[\"https:\/\/internewskosova.org\/per-ne\/\"]}]},{\"@type\":\"BreadcrumbList\",\"@id\":\"https:\/\/internewskosova.org\/per-ne\/#breadcrumb\",\"itemListElement\":[{\"@type\":\"ListItem\",\"position\":1,\"name\":\"Home\",\"item\":\"https:\/\/internewskosova.org\/\"},{\"@type\":\"ListItem\",\"position\":2,\"name\":\"Rreth nesh\"}]},{\"@type\":\"WebSite\",\"@id\":\"https:\/\/internewskosova.org\/#website\",\"url\":\"https:\/\/internewskosova.org\/\",\"name\":\"Internews Kosova\",\"description\":\"\",\"potentialAction\":[{\"@type\":\"SearchAction\",\"target\":{\"@type\":\"EntryPoint\",\"urlTemplate\":\"https:\/\/internewskosova.org\/?s={search_term_string}\"},\"query-input\":{\"@type\":\"PropertyValueSpecification\",\"valueRequired\":true,\"valueName\":\"search_term_string\"}}],\"inLanguage\":\"sq-AL\"},{\"@type\":\"Person\",\"@id\":\"https:\/\/internewskosova.org\/#\/schema\/person\/df061921b05fb4846fa727287c760e13\",\"name\":\"internewskosova\",\"image\":{\"@type\":\"ImageObject\",\"inLanguage\":\"sq-AL\",\"@id\":\"https:\/\/internewskosova.org\/#\/schema\/person\/image\/\",\"url\":\"https:\/\/secure.gravatar.com\/avatar\/42b3f84333815029cec0ac9d3a126330?s=96&d=mm&r=g\",\"contentUrl\":\"https:\/\/secure.gravatar.com\/avatar\/42b3f84333815029cec0ac9d3a126330?s=96&d=mm&r=g\",\"caption\":\"internewskosova\"},\"url\":\"https:\/\/internewskosova.org\/sq_al\/author\/internewskosova\/\"}]}<\/script>\n<!-- \/ Yoast SEO plugin. -->","yoast_head_json":{"title":"Rreth nesh","robots":{"index":"index","follow":"follow","max-snippet":"max-snippet:-1","max-image-preview":"max-image-preview:large","max-video-preview":"max-video-preview:-1"},"canonical":"https:\/\/internewskosova.org\/sq_al\/per-ne\/","og_locale":"sq_AL","og_type":"article","og_title":"Rreth nesh","og_description":"Internews Kosova \u00ebsht\u00eb nj\u00eb Organizat\u00eb Jo-Qeveritare, e themeluar n\u00eb vitin 1999 dhe \u00ebsht\u00eb an\u00ebtare e rrjetit nd\u00ebrkomb\u00ebtar t\u00eb organizatave t\u00eb ngjashme Internews International. Internews Kosova \u00ebsht\u00eb nj\u00eb Organizat\u00eb Jo-Qeveritare, e themeluar n\u00eb vitin 1999 dhe \u00ebsht\u00eb an\u00ebtare e rrjetit nd\u00ebrkomb\u00ebtar t\u00eb organizatave t\u00eb ngjashme Internews International. Synimi primar i Internews Kosov\u00ebs \u00ebsht\u00eb p\u00ebrkrahja e shoq\u00ebris\u00eb [&hellip;]","og_url":"https:\/\/internewskosova.org\/sq_al\/per-ne\/","og_site_name":"Internews Kosova","article_published_time":"2016-01-09T10:27:51+00:00","author":"internewskosova","twitter_card":"summary_large_image","twitter_misc":{"Written by":"internewskosova","Est. reading time":"1 minute"},"schema":{"@context":"https:\/\/schema.org","@graph":[{"@type":"WebPage","@id":"https:\/\/internewskosova.org\/per-ne\/","url":"https:\/\/internewskosova.org\/per-ne\/","name":"Rreth nesh","isPartOf":{"@id":"https:\/\/internewskosova.org\/#website"},"datePublished":"2016-01-09T10:27:51+00:00","author":{"@id":"https:\/\/internewskosova.org\/#\/schema\/person\/df061921b05fb4846fa727287c760e13"},"breadcrumb":{"@id":"https:\/\/internewskosova.org\/per-ne\/#breadcrumb"},"inLanguage":"sq-AL","potentialAction":[{"@type":"ReadAction","target":["https:\/\/internewskosova.org\/per-ne\/"]}]},{"@type":"BreadcrumbList","@id":"https:\/\/internewskosova.org\/per-ne\/#breadcrumb","itemListElement":[{"@type":"ListItem","position":1,"name":"Home","item":"https:\/\/internewskosova.org\/"},{"@type":"ListItem","position":2,"name":"Rreth nesh"}]},{"@type":"WebSite","@id":"https:\/\/internewskosova.org\/#website","url":"https:\/\/internewskosova.org\/","name":"Internews Kosova","description":"","potentialAction":[{"@type":"SearchAction","target":{"@type":"EntryPoint","urlTemplate":"https:\/\/internewskosova.org\/?s={search_term_string}"},"query-input":{"@type":"PropertyValueSpecification","valueRequired":true,"valueName":"search_term_string"}}],"inLanguage":"sq-AL"},{"@type":"Person","@id":"https:\/\/internewskosova.org\/#\/schema\/person\/df061921b05fb4846fa727287c760e13","name":"internewskosova","image":{"@type":"ImageObject","inLanguage":"sq-AL","@id":"https:\/\/internewskosova.org\/#\/schema\/person\/image\/","url":"https:\/\/secure.gravatar.com\/avatar\/42b3f84333815029cec0ac9d3a126330?s=96&d=mm&r=g","contentUrl":"https:\/\/secure.gravatar.com\/avatar\/42b3f84333815029cec0ac9d3a126330?s=96&d=mm&r=g","caption":"internewskosova"},"url":"https:\/\/internewskosova.org\/sq_al\/author\/internewskosova\/"}]}},"_links":{"self":[{"href":"https:\/\/internewskosova.org\/sq_al\/wp-json\/wp\/v2\/posts\/981","targetHints":{"allow":["GET"]}}],"collection":[{"href":"https:\/\/internewskosova.org\/sq_al\/wp-json\/wp\/v2\/posts"}],"about":[{"href":"https:\/\/internewskosova.org\/sq_al\/wp-json\/wp\/v2\/types\/post"}],"author":[{"embeddable":true,"href":"https:\/\/internewskosova.org\/sq_al\/wp-json\/wp\/v2\/users\/1"}],"replies":[{"embeddable":true,"href":"https:\/\/internewskosova.org\/sq_al\/wp-json\/wp\/v2\/comments?post=981"}],"version-history":[{"count":0,"href":"https:\/\/internewskosova.org\/sq_al\/wp-json\/wp\/v2\/posts\/981\/revisions"}],"wp:attachment":[{"href":"https:\/\/internewskosova.org\/sq_al\/wp-json\/wp\/v2\/media?parent=981"}],"wp:term":[{"taxonomy":"category","embeddable":true,"href":"https:\/\/internewskosova.org\/sq_al\/wp-json\/wp\/v2\/categories?post=981"},{"taxonomy":"post_tag","embeddable":true,"href":"https:\/\/internewskosova.org\/sq_al\/wp-json\/wp\/v2\/tags?post=981"}],"curies":[{"name":"wp","href":"https:\/\/api.w.org\/{rel}","templated":true}]}}